{"id":8461,"date":"2023-07-13T00:10:22","date_gmt":"2023-07-13T00:10:22","guid":{"rendered":"https:\/\/eldienteroto.org\/wp49\/?p=8461"},"modified":"2025-09-02T10:34:24","modified_gmt":"2025-09-02T15:04:24","slug":"luis-alberto-angulo","status":"publish","type":"post","link":"https:\/\/eldienteroto.org\/wp49\/luis-alberto-angulo\/","title":{"rendered":"Luis Alberto Angulo"},"content":{"rendered":"\n<h4 class=\"wp-block-heading\">(Barinitas, 1950)<\/h4>\n\n\n\n<p>Poeta, articulista y editor. Coeditor de REDVE y redactor de la revista Poes\u00eda (UC). Fundador del Encuentro Internacional Poes\u00eda Universidad de Carabobo junto con Adhely Rivero y Enrique Mujica. Est\u00e1 adscrito como asistente de literatura a la Oficina del Cronista Universitario (UC). Premio del IV Concurso Internacional de Poes\u00eda Universidad de Carabobo, Premio de Poes\u00eda Universidad R\u00f3mulo Gallegos, Premio Bienal de Poes\u00eda Dr. Francisco Lazo Mart\u00ed.<\/p>\n\n\n\n<p>Autor de <em>Viento barin\u00e9s<\/em> (UC, 1978), <em>Antolog\u00eda de la casa sola<\/em> (Fundarte, 1982), <em>Una niebla que no borra<\/em> (Dir. Cultura Carabobo, 1984), <em>Ant\u00edpodas<\/em> (Predios, 1994), <em>Fusi\u00f3n po\u00e9tica<\/em> (UC, 2000), <em>La sombra de una mano<\/em> (Monte \u00c1vila, 2005), as\u00ed como de la antolog\u00eda <em>Rostro y poes\u00eda, poetas de la Universidad de Carabobo<\/em> (UC, 1994) y de las compilaciones en coautor\u00eda con Luis Ernesto G\u00f3mez: <em>70 poetas en solidaridad con Palestina, Iraq y L\u00edbano<\/em> (Minci, Redve, 2006) y <em>El coraz\u00f3n de Venezuela, patria y poes\u00eda<\/em> (Pdvsa, Redve, 2008).<\/p>\n\n\n\n<h4 class=\"wp-block-heading\">Biblioteca<\/h4>\n\n\n\n<p><a rel=\"noopener\" href=\"https:\/\/eldienteroto.org\/wp49\/coplas-de-la-edad-ligera\/\" target=\"_blank\">Coplas de la edad ligera<\/a><\/p>\n\n\n\n<p><a href=\"https:\/\/eldienteroto.org\/wp49\/en-un-verso\/\" target=\"_blank\" rel=\"noreferrer noopener\">En un verso<\/a><\/p>\n\n\n\n<h4 class=\"wp-block-heading\">Ensayo<\/h4>\n\n\n\n<p><a href=\"https:\/\/eldienteroto.org\/wp49\/reverde-enriqueta-arvelo-larriva\/\" target=\"_blank\" rel=\"noopener\">Del reverde: Enriqueta Arvelo Larriva<\/a><\/p>\n\n\n\n<h4 class=\"wp-block-heading\">Semblanzas<\/h4>\n\n\n\n<p><a href=\"https:\/\/eldienteroto.org\/wp49\/gelindo-casasola\/\" target=\"_blank\" rel=\"noopener\">Gelindo Casasola<\/a><\/p>\n","protected":false},"excerpt":{"rendered":"<p>(Barinitas, 1950) Poeta, articulista y editor. Coeditor de REDVE y redactor de la revista Poes\u00eda (UC). Fundador del Encuentro Internacional Poes\u00eda Universidad de Carabobo junto con Adhely Rivero y Enrique Mujica. Est\u00e1 adscrito como asistente de literatura a la Oficina del Cronista Universitario (UC). Premio del IV Concurso Internacional de Poes\u00eda Universidad de Carabobo, Premio [&hellip;]<\/p>\n","protected":false},"author":6,"featured_media":8462,"comment_status":"open","ping_status":"closed","sticky":false,"template":"","format":"standard","meta":{"_monsterinsights_skip_tracking":false,"_monsterinsights_sitenote_active":false,"_monsterinsights_sitenote_note":"","_monsterinsights_sitenote_category":0,"footnotes":""},"categories":[7],"tags":[46,3],"_links":{"self":[{"href":"https:\/\/eldienteroto.org\/wp49\/wp-json\/wp\/v2\/posts\/8461"}],"collection":[{"href":"https:\/\/eldienteroto.org\/wp49\/wp-json\/wp\/v2\/posts"}],"about":[{"href":"https:\/\/eldienteroto.org\/wp49\/wp-json\/wp\/v2\/types\/post"}],"author":[{"embeddable":true,"href":"https:\/\/eldienteroto.org\/wp49\/wp-json\/wp\/v2\/users\/6"}],"replies":[{"embeddable":true,"href":"https:\/\/eldienteroto.org\/wp49\/wp-json\/wp\/v2\/comments?post=8461"}],"version-history":[{"count":3,"href":"https:\/\/eldienteroto.org\/wp49\/wp-json\/wp\/v2\/posts\/8461\/revisions"}],"predecessor-version":[{"id":17237,"href":"https:\/\/eldienteroto.org\/wp49\/wp-json\/wp\/v2\/posts\/8461\/revisions\/17237"}],"wp:featuredmedia":[{"embeddable":true,"href":"https:\/\/eldienteroto.org\/wp49\/wp-json\/wp\/v2\/media\/8462"}],"wp:attachment":[{"href":"https:\/\/eldienteroto.org\/wp49\/wp-json\/wp\/v2\/media?parent=8461"}],"wp:term":[{"taxonomy":"category","embeddable":true,"href":"https:\/\/eldienteroto.org\/wp49\/wp-json\/wp\/v2\/categories?post=8461"},{"taxonomy":"post_tag","embeddable":true,"href":"https:\/\/eldienteroto.org\/wp49\/wp-json\/wp\/v2\/tags?post=8461"}],"curies":[{"name":"wp","href":"https:\/\/api.w.org\/{rel}","templated":true}]}}