{"id":8000,"date":"2023-05-04T21:24:05","date_gmt":"2023-05-04T21:24:05","guid":{"rendered":"https:\/\/eldienteroto.org\/wp49\/?p=8000"},"modified":"2024-05-27T21:09:45","modified_gmt":"2024-05-27T21:09:45","slug":"andres-mata","status":"publish","type":"post","link":"https:\/\/eldienteroto.org\/wp49\/andres-mata\/","title":{"rendered":"Andr\u00e9s Mata"},"content":{"rendered":"<h4>(Car\u00fapano, 1870 &#8211; Par\u00eds, 1931)<\/h4>\n<p>Poeta, escritor, periodista y diplom\u00e1tico. Se le ubica entre el romanticismo tard\u00edo y el modernismo, incluso parnasiano. Naci\u00f3 en el seno de una familia pobre. Tuvo que trabajar desde ni\u00f1o. Comenz\u00f3 como colaborador del semanario <em>La Avispa<\/em>. Funda el peri\u00f3dico\u00a0<em>El D\u00eda<\/em>. Se traslada a Ciudad Bol\u00edvar. Estudia en el Colegio Federal de Guayana. Colabora con el peri\u00f3dico\u00a0<em>Cabos Sueltos del Orinoco<\/em>, donde tambi\u00e9n \u00a0escrib\u00eda Vargas Vila.<\/p>\n<p>Es exiliado a Cura\u00e7ao, en 1893, y despu\u00e9s a Rep\u00fablica Dominicana. All\u00ed se hace cargo de la Redacci\u00f3n del peri\u00f3dico\u00a0<em>El List\u00edn Diario.<\/em> Regresa a Venezuela \u00a0en 1895 y se incorpora a <em>El<\/em> <em>Cojo Ilustrado<\/em>. Colabora tambi\u00e9n en <em>Cosm\u00f3polis y en El Constitucional<\/em>. Fundador de <em>El universal<\/em>. En 1904 es nombrado Individuo de N\u00famero de la Academia de Historia de Venezuela y luego electo Acad\u00e9mico de la Lengua. Fue diputado por los estados Cojedes y Anzo\u00e1tegui.<\/p>\n<p>OBRA: <em>Pent\u00e9licas, <\/em>1896. Tip. El Cojo.<em> Idilio tr\u00e1gico, <\/em>1898.\u00a0Tip. El Cojo. Caracas. <em>Poes\u00edas escogidas, <\/em>1930.\u00a0Casa Editorial Franco-Ibero-A. P\u00d3STUMOS: <em>Poes\u00edas, <\/em>1932<em>.\u00a0<\/em>Edit. Sur Am\u00e9rica. <em>Arias sentimentales y otros poemas, <\/em>1942<em>.<\/em>\u00a0Editorial Cecilio Acosta. <em>Oda a Santa Rosa de Lima, <\/em>1954<em>.\u00a0<\/em>Tip. Apolo. Caracas. <em>Poes\u00edas completas, <\/em>1956.\u00a0Edime. <em>Algunos poemas<\/em>, 1965.\u00a0 Edics. Poes\u00eda de Venezuela. <em>Obra po\u00e9tica, <\/em>1970.\u00a0Imp. Municipal. <em>Breviario l\u00edrico, <\/em>1976.\u00a0 Direcci\u00f3n de la Gobernaci\u00f3n del Distrito Federal.<\/p>\n<h4>Poes\u00eda<\/h4>\n<p><a href=\"https:\/\/eldienteroto.org\/wp49\/poemas-de-andres-mata\/\">Poemas selectos<\/a><\/p>\n<p><a href=\"https:\/\/eldienteroto.org\/wp49\/psalmo\/\" target=\"_blank\" rel=\"noopener\">Psalmo<\/a><\/p>\n","protected":false},"excerpt":{"rendered":"<p>(Car\u00fapano, 1870 &#8211; Par\u00eds, 1931) Poeta, escritor, periodista y diplom\u00e1tico. Se le ubica entre el romanticismo tard\u00edo y el modernismo, incluso parnasiano. Naci\u00f3 en el seno de una familia pobre. Tuvo que trabajar desde ni\u00f1o. Comenz\u00f3 como colaborador del semanario La Avispa. Funda el peri\u00f3dico\u00a0El D\u00eda. Se traslada a Ciudad Bol\u00edvar. Estudia en el Colegio [&hellip;]<\/p>\n","protected":false},"author":6,"featured_media":8001,"comment_status":"open","ping_status":"closed","sticky":false,"template":"","format":"standard","meta":{"_monsterinsights_skip_tracking":false,"_monsterinsights_sitenote_active":false,"_monsterinsights_sitenote_note":"","_monsterinsights_sitenote_category":0,"footnotes":""},"categories":[7],"tags":[46,3],"_links":{"self":[{"href":"https:\/\/eldienteroto.org\/wp49\/wp-json\/wp\/v2\/posts\/8000"}],"collection":[{"href":"https:\/\/eldienteroto.org\/wp49\/wp-json\/wp\/v2\/posts"}],"about":[{"href":"https:\/\/eldienteroto.org\/wp49\/wp-json\/wp\/v2\/types\/post"}],"author":[{"embeddable":true,"href":"https:\/\/eldienteroto.org\/wp49\/wp-json\/wp\/v2\/users\/6"}],"replies":[{"embeddable":true,"href":"https:\/\/eldienteroto.org\/wp49\/wp-json\/wp\/v2\/comments?post=8000"}],"version-history":[{"count":3,"href":"https:\/\/eldienteroto.org\/wp49\/wp-json\/wp\/v2\/posts\/8000\/revisions"}],"predecessor-version":[{"id":11938,"href":"https:\/\/eldienteroto.org\/wp49\/wp-json\/wp\/v2\/posts\/8000\/revisions\/11938"}],"wp:featuredmedia":[{"embeddable":true,"href":"https:\/\/eldienteroto.org\/wp49\/wp-json\/wp\/v2\/media\/8001"}],"wp:attachment":[{"href":"https:\/\/eldienteroto.org\/wp49\/wp-json\/wp\/v2\/media?parent=8000"}],"wp:term":[{"taxonomy":"category","embeddable":true,"href":"https:\/\/eldienteroto.org\/wp49\/wp-json\/wp\/v2\/categories?post=8000"},{"taxonomy":"post_tag","embeddable":true,"href":"https:\/\/eldienteroto.org\/wp49\/wp-json\/wp\/v2\/tags?post=8000"}],"curies":[{"name":"wp","href":"https:\/\/api.w.org\/{rel}","templated":true}]}}