{"id":4895,"date":"2022-06-18T21:20:51","date_gmt":"2022-06-18T21:20:51","guid":{"rendered":"https:\/\/eldienteroto.org\/wp49\/?p=4895"},"modified":"2026-03-27T17:29:01","modified_gmt":"2026-03-27T21:59:01","slug":"rafael-cadenas","status":"publish","type":"post","link":"https:\/\/eldienteroto.org\/wp49\/rafael-cadenas\/","title":{"rendered":"Rafael Cadenas"},"content":{"rendered":"\n<h4 class=\"wp-block-heading\">(Barquisimeto, 1930)<\/h4>\n\n\n\n<p>Poeta, ensayista y profesor universitario. Cadenas comienza con la creaci\u00f3n po\u00e9tica a temprana edad, en 1946, luego, en los a\u00f1os sesenta perteneci\u00f3 al grupo \u201cTabla Redonda\u201d. Sus poemas fueron recibidos positivamente por la cr\u00edtica y valorados como indispensables dentro de la literatura hispanoamericana. Suele vincularse su estilo con el pensamiento filos\u00f3fico y se lo compara con autores como H\u00f6lderlin, Rilke y Gorostiza. El lector puede encontrarse con un universo m\u00e1gico, lleno de matices y capaz de transportarle a otro espacio, para reflexionar sobre las cosas m\u00e1s relevantes de la vida y la cr\u00edtica social.<\/p>\n\n\n\n<p><strong>Poes\u00eda<\/strong>: <em>Cantos iniciales<\/em>&nbsp;(1946)<strong>, <\/strong><em>Una isla<\/em>&nbsp;(1958)<strong>, <\/strong><em>Los cuadernos del destierro<\/em>&nbsp;(1960, 2001)<strong>, <\/strong>\u00abDerrota\u00bb (1963) [poema publicado el 31 de mayo en&nbsp;<em>Clar\u00edn del viernes<\/em>; compilado en 1970, junto con&nbsp;<em>Los cuadernos del destierro<\/em>&nbsp;y&nbsp;<em>Falsas maniobras<\/em>]<strong>, <\/strong><em>Falsas maniobras<\/em>&nbsp;(1966)<strong>, <\/strong><em>Intemperie<\/em>&nbsp;(1977)<strong>, <\/strong><em>Memorial<\/em>&nbsp;(1977) Edici\u00f3n biling\u00fce (Espa\u00f1ol-Ingl\u00e9s), publicada por la&nbsp;Universidad Nacional Mayor de San Marcos&nbsp;(2007)<strong>, <\/strong><em>Amante<\/em>&nbsp;(1983)<strong>, <\/strong><em>Dichos<\/em>&nbsp;(1992)<strong>, <\/strong><em>Gestiones<\/em>&nbsp;(1992) [Premio Internacional Juan Antonio P\u00e9rez Bonalde]<strong>, <\/strong><em>Antolog\u00eda<\/em>&nbsp;(1958-1993) (1996), (1999)<strong>, <\/strong><em>Amante<\/em>&nbsp;(bid &amp; co. editor, 2002) [livre d\u2019artiste con 58 grabados de Norma Morales)<strong>, <\/strong><em>Poemas selectos<\/em>&nbsp;(bid &amp; co. editor, 2004, 2006, 2009)<strong>, <\/strong><em>Amant<\/em>&nbsp;(bid &amp; co. editor, 2004) [traducci\u00f3n al franc\u00e9s de \u00abAmante\u00bb)<strong>, <\/strong><em>Lover<\/em>&nbsp;(bid &amp; co. editor, 2004, 2009) [edici\u00f3n biling\u00fce de \u00abAmante\u00bb)<strong>, <\/strong><em>El taller de al lado<\/em>&nbsp;(bid &amp; co. editor, 2005) [conjunto de sus traducciones)<strong>, <\/strong><em>Sobre abie<\/em><em>rto<\/em>. Editorial&nbsp;Pre-Textos. 2012<strong>, <\/strong><em>En torno a Basho y otros asuntos<\/em>&nbsp;(Pre-Textos, 2016)<strong>, <\/strong><em>Contestaciones<\/em>&nbsp;(Visor Libros, 2018).<\/p>\n\n\n\n<p><strong>Ensayo<\/strong>: <em>Literatura y vida<\/em>&nbsp;(1972)<strong>, <\/strong><em>Realidad y literatura<\/em>&nbsp;(1979)<strong>, <\/strong><em>Apuntes sobre San Juan de la Cruz y la m\u00edstica<\/em>&nbsp;(1977, 1995)<strong>, <\/strong><em>La barbarie civilizada<\/em>&nbsp;(1981)<strong>, <\/strong><em>Anotaciones<\/em>&nbsp;(1983)<strong>, <\/strong><em>Reflexiones sobre la ciudad moderna<\/em>&nbsp;(1983)<strong>, <\/strong><em>En torno al lenguaje<\/em>&nbsp;(1984)<strong>, <\/strong><em>Sobre la ense\u00f1anza de la literatura en la Educaci\u00f3n Media<\/em>&nbsp;(1998). <strong>Obra Completa<\/strong>: <em>Obra entera. Poes\u00eda y prosa<\/em>&nbsp;(Fondo de Cultura Econ\u00f3mica, 2000, <em>Obra entera. Poes\u00eda y prosa (1958-1995)<\/em>. Editorial&nbsp;Pre-Textos. 2007.<\/p>\n\n\n\n<p><strong>Premios<\/strong>: 1984&nbsp;\u2013 Premio de Ensayo de CONAC, con&nbsp;<em>Anotaciones<\/em>, 1985&nbsp;\u2013&nbsp;Premio Nacional de Literatura, Menci\u00f3n Poes\u00eda por su obra total, 1986&nbsp;\u2013&nbsp;Beca Guggenheim, 1986&nbsp;\u2013 Premio Arturo de Asturias de las letras, 1992&nbsp;\u2013 Premio San Juan de la Cruz, 1992&nbsp;\u2013 Premio Internacional de Poes\u00eda \u00abJuan Antonio P\u00e9rez Bonalde\u00bb con&nbsp;<em>Gestiones<\/em>, 2001&nbsp;\u2013 Doctorado&nbsp;<em>honoris causa<\/em>&nbsp;de la Universidad de Los Andes ULA, 2005&nbsp;\u2013 Doctorado \u00abHonoris Causa\u00bb de la Universidad Central de Venezuela UCV, 2009&nbsp;\u2013&nbsp;Premio FIL de Literatura en Lenguas Romances, 2012&nbsp;\u2013 Doctorado \u00abHonoris Causa\u00bb de la Universidad Centrocidental Lisandro Alvarado UCLA, 2012&nbsp;\u2013 Orden \u00abJuan Jacinto Lara\u00bb en su Primera Clase. Gobernaci\u00f3n del Estado Lara, 2015&nbsp;\u2013&nbsp;Premio Internacional de Poes\u00eda Federico Garc\u00eda Lorca, 2015&nbsp;\u2013&nbsp;Premio Andr\u00e9s Bello de la Academia Venezolana de la Lengua, 2017&nbsp;\u2013 Premio de Literatura FILCAR 2017, 2018&nbsp;\u2013&nbsp;Premio Reina Sofia de Poes\u00eda Iberoamericana, 2022- Premio Cervantes.<\/p>\n\n\n\n<h4 class=\"wp-block-heading\">En Biblioteca<\/h4>\n\n\n\n<p><a rel=\"noopener\" href=\"https:\/\/eldienteroto.org\/wp49\/intemperie\/\" target=\"_blank\">Intemperie<\/a><\/p>\n\n\n\n<p><a href=\"https:\/\/eldienteroto.org\/wp49\/en-torno-al-lenguaje\/\" target=\"_blank\" rel=\"noreferrer noopener\">En torno al lenguaje<\/a><\/p>\n\n\n\n<h4 class=\"wp-block-heading\">Poes\u00eda<\/h4>\n\n\n\n<p><a href=\"https:\/\/eldienteroto.org\/wp49\/derrota-y-fracaso\/\" target=\"_blank\" rel=\"noopener\">Derrota y fracaso<\/a><\/p>\n\n\n\n<h4 class=\"wp-block-heading\">Ensayo<\/h4>\n\n\n\n<p><a href=\"https:\/\/eldienteroto.org\/wp49\/la-gramatica-contra-la-lengua\/\" target=\"_blank\" rel=\"noopener\">La gram\u00e1tica contra la lengua<\/a><\/p>\n\n\n\n<h6 class=\"wp-block-heading\">Fuente de la informaci\u00f3n: https:\/\/lapoeteca.com. Foto: Alberto Di Lolli (El mundo, Espa\u00f1a)<\/h6>\n","protected":false},"excerpt":{"rendered":"<p>(Barquisimeto, 1930) Poeta, ensayista y profesor universitario. Cadenas comienza con la creaci\u00f3n po\u00e9tica a temprana edad, en 1946, luego, en los a\u00f1os sesenta perteneci\u00f3 al grupo \u201cTabla Redonda\u201d. Sus poemas fueron recibidos positivamente por la cr\u00edtica y valorados como indispensables dentro de la literatura hispanoamericana. Suele vincularse su estilo con el pensamiento filos\u00f3fico y se [&hellip;]<\/p>\n","protected":false},"author":6,"featured_media":4897,"comment_status":"open","ping_status":"closed","sticky":false,"template":"","format":"standard","meta":{"_monsterinsights_skip_tracking":false,"_monsterinsights_sitenote_active":false,"_monsterinsights_sitenote_note":"","_monsterinsights_sitenote_category":0,"footnotes":""},"categories":[7],"tags":[46,3],"_links":{"self":[{"href":"https:\/\/eldienteroto.org\/wp49\/wp-json\/wp\/v2\/posts\/4895"}],"collection":[{"href":"https:\/\/eldienteroto.org\/wp49\/wp-json\/wp\/v2\/posts"}],"about":[{"href":"https:\/\/eldienteroto.org\/wp49\/wp-json\/wp\/v2\/types\/post"}],"author":[{"embeddable":true,"href":"https:\/\/eldienteroto.org\/wp49\/wp-json\/wp\/v2\/users\/6"}],"replies":[{"embeddable":true,"href":"https:\/\/eldienteroto.org\/wp49\/wp-json\/wp\/v2\/comments?post=4895"}],"version-history":[{"count":7,"href":"https:\/\/eldienteroto.org\/wp49\/wp-json\/wp\/v2\/posts\/4895\/revisions"}],"predecessor-version":[{"id":18473,"href":"https:\/\/eldienteroto.org\/wp49\/wp-json\/wp\/v2\/posts\/4895\/revisions\/18473"}],"wp:featuredmedia":[{"embeddable":true,"href":"https:\/\/eldienteroto.org\/wp49\/wp-json\/wp\/v2\/media\/4897"}],"wp:attachment":[{"href":"https:\/\/eldienteroto.org\/wp49\/wp-json\/wp\/v2\/media?parent=4895"}],"wp:term":[{"taxonomy":"category","embeddable":true,"href":"https:\/\/eldienteroto.org\/wp49\/wp-json\/wp\/v2\/categories?post=4895"},{"taxonomy":"post_tag","embeddable":true,"href":"https:\/\/eldienteroto.org\/wp49\/wp-json\/wp\/v2\/tags?post=4895"}],"curies":[{"name":"wp","href":"https:\/\/api.w.org\/{rel}","templated":true}]}}