{"id":4860,"date":"2022-06-15T00:39:25","date_gmt":"2022-06-15T00:39:25","guid":{"rendered":"https:\/\/eldienteroto.org\/wp49\/?p=4860"},"modified":"2023-11-24T18:29:40","modified_gmt":"2023-11-24T18:29:40","slug":"jairo-rojas-rojas","status":"publish","type":"post","link":"https:\/\/eldienteroto.org\/wp49\/jairo-rojas-rojas\/","title":{"rendered":"Jairo Rojas Rojas"},"content":{"rendered":"<h4>(M\u00e9rida, 1980)<\/h4>\n<p>Licenciado en Historia del Arte. Terapeuta Shiatsu. Integra el colectivo de poes\u00eda y m\u00fasica La casa inmaterial. Ha publicado los libros de poes\u00eda: El cuerpo constelado (2021), Parte del rel\u00e1mpago (2021), Geometr\u00eda de la grieta (2020), Pasear lun\u00e1tico (2018), Los plegamientos del agua (2014), La O azul (2014) y La rendija de la puerta (2013)<em>. <\/em>Ha sido galardonado, entre otros, con los premios: XX edici\u00f3n del premio de poes\u00eda Fernando Paz Castillo (2014) y la XIX Bienal Literaria Jos\u00e9 Antonio Ramos Sucre (2013). Parte de su trabajo ha sido incluido en las antolog\u00edas: Nos siguen pegando abajo. Brev\u00edsima Antolog\u00eda Arbitraria Colombia-Venezuela (2020), Nubes: Poes\u00eda Hispanomericana (2019), El puente es la palabra. Antolog\u00eda de poetas venezolanos en la di\u00e1spora (2019), Uruguachas. Po\u00e9tica en Uruguay, 2018, #Nodos (2017), Del caos a la intensidad. Vigencia del poema en prosa en Sudam\u00e9rica (2016).<\/p>\n<h4>Poes\u00eda<\/h4>\n<p><a href=\"https:\/\/eldienteroto.org\/wp49\/poemas-de-jairo-rojas\/\" target=\"_blank\" rel=\"noopener\">Selecci\u00f3n de textos<\/a><\/p>\n<h4>Biblioteca<\/h4>\n<p><a href=\"https:\/\/eldienteroto.org\/wp49\/geometria-de-la-grieta\/\" target=\"_blank\" rel=\"noopener\">Geometr\u00eda de la grieta<\/a><\/p>\n","protected":false},"excerpt":{"rendered":"<p>(M\u00e9rida, 1980) Licenciado en Historia del Arte. Terapeuta Shiatsu. Integra el colectivo de poes\u00eda y m\u00fasica La casa inmaterial. Ha publicado los libros de poes\u00eda: El cuerpo constelado (2021), Parte del rel\u00e1mpago (2021), Geometr\u00eda de la grieta (2020), Pasear lun\u00e1tico (2018), Los plegamientos del agua (2014), La O azul (2014) y La rendija de la [&hellip;]<\/p>\n","protected":false},"author":6,"featured_media":4861,"comment_status":"open","ping_status":"closed","sticky":false,"template":"","format":"standard","meta":{"_monsterinsights_skip_tracking":false,"_monsterinsights_sitenote_active":false,"_monsterinsights_sitenote_note":"","_monsterinsights_sitenote_category":0,"footnotes":""},"categories":[7],"tags":[46,3],"_links":{"self":[{"href":"https:\/\/eldienteroto.org\/wp49\/wp-json\/wp\/v2\/posts\/4860"}],"collection":[{"href":"https:\/\/eldienteroto.org\/wp49\/wp-json\/wp\/v2\/posts"}],"about":[{"href":"https:\/\/eldienteroto.org\/wp49\/wp-json\/wp\/v2\/types\/post"}],"author":[{"embeddable":true,"href":"https:\/\/eldienteroto.org\/wp49\/wp-json\/wp\/v2\/users\/6"}],"replies":[{"embeddable":true,"href":"https:\/\/eldienteroto.org\/wp49\/wp-json\/wp\/v2\/comments?post=4860"}],"version-history":[{"count":3,"href":"https:\/\/eldienteroto.org\/wp49\/wp-json\/wp\/v2\/posts\/4860\/revisions"}],"predecessor-version":[{"id":7021,"href":"https:\/\/eldienteroto.org\/wp49\/wp-json\/wp\/v2\/posts\/4860\/revisions\/7021"}],"wp:featuredmedia":[{"embeddable":true,"href":"https:\/\/eldienteroto.org\/wp49\/wp-json\/wp\/v2\/media\/4861"}],"wp:attachment":[{"href":"https:\/\/eldienteroto.org\/wp49\/wp-json\/wp\/v2\/media?parent=4860"}],"wp:term":[{"taxonomy":"category","embeddable":true,"href":"https:\/\/eldienteroto.org\/wp49\/wp-json\/wp\/v2\/categories?post=4860"},{"taxonomy":"post_tag","embeddable":true,"href":"https:\/\/eldienteroto.org\/wp49\/wp-json\/wp\/v2\/tags?post=4860"}],"curies":[{"name":"wp","href":"https:\/\/api.w.org\/{rel}","templated":true}]}}