{"id":4585,"date":"2022-05-30T00:34:22","date_gmt":"2022-05-30T00:34:22","guid":{"rendered":"https:\/\/eldienteroto.org\/wp49\/?p=4585"},"modified":"2023-11-24T18:30:36","modified_gmt":"2023-11-24T18:30:36","slug":"victor-valera-mora","status":"publish","type":"post","link":"https:\/\/eldienteroto.org\/wp49\/victor-valera-mora\/","title":{"rendered":"Victor Valera Mora \u00abEl chino\u00bb"},"content":{"rendered":"<h4>(Valera, 1935 \u2013 Caracas, 1984)<\/h4>\n<p>Hijo de familia humilde, Valera Mora fue un personaje comprometido con las luchas sociales de su tiempo. Miembro de la Generaci\u00f3n del 58, particip\u00f3 en las luchas de la izquierda venezolana; por estas actividades fue puesto en prisi\u00f3n durante la dictadura de Marcos P\u00e9rez Jim\u00e9nez a finales de 1957.<\/p>\n<p>Estudi\u00f3 bachillerato en San Juan de Los Morros y Sociolog\u00eda en la Universidad Central de Venezuela, obteniendo la titulaci\u00f3n en 1961. En este a\u00f1o consigue publicar su primer libro (\u201cCanci\u00f3n del sol-dado justo\u201d). Trasladado a M\u00e9rida (1969) trabaja en la Universidad de los Andes. Viaja a Europa, residiendo varios a\u00f1os en Italia. Aqu\u00ed escribir\u00e1 su \u00faltimo libro (\u201c70 poemas stalinistas\u201d), con el que gana el Premio de Poes\u00eda del Consejo Nacional de Cultura (1980).<\/p>\n<p>Entre 1976 y 1981 se desempe\u00f1a como promotor cultural del Consejo Nacional de la Cultura. Fund\u00f3 junto con otros artistas (Caupolic\u00e1n Ovalles, Luis Camilo Gueva-ra\u2026) el c\u00e9lebre grupo de activismo cultural \u201cLa Pandilla Lautreamont\u201d.<\/p>\n<p>Entre los poemarios debidos a su pluma se encuentran: \u201cCanci\u00f3n del soldado justo (1961); \u201cAmanec\u00ed de bala\u201d (1971); \u201cCon un pie en el estribo (1972); \u201c70 poemas stalinistas\u201d (1979); \u201cDel rid\u00edculo arte de componer poes\u00eda (p\u00f3stumo, 1994), y \u201cObras Completas\u201d (p\u00f3stumo, 2002). \u00a0Su fallecimiento se produjo el 29 de abril de 1984, a los 48 a\u00f1os de edad.<\/p>\n<h4>Poes\u00eda<\/h4>\n<p><a href=\"https:\/\/eldienteroto.org\/wp49\/oficio-puro\/\">Oficio puro y otros poemas<\/a><\/p>\n<h4>En Biblioteca<\/h4>\n<p><a href=\"https:\/\/eldienteroto.org\/wp49\/victor-valera-mora-nueva-antologia\/\" target=\"_blank\" rel=\"noopener\">Nueva antolog\u00eda<\/a><\/p>\n<h6>*Fuente de la imagen: grupolipo.blogspot.com\/<\/h6>\n","protected":false},"excerpt":{"rendered":"<p>(Valera, 1935 \u2013 Caracas, 1984) Hijo de familia humilde, Valera Mora fue un personaje comprometido con las luchas sociales de su tiempo. Miembro de la Generaci\u00f3n del 58, particip\u00f3 en las luchas de la izquierda venezolana; por estas actividades fue puesto en prisi\u00f3n durante la dictadura de Marcos P\u00e9rez Jim\u00e9nez a finales de 1957. Estudi\u00f3 [&hellip;]<\/p>\n","protected":false},"author":6,"featured_media":4588,"comment_status":"open","ping_status":"closed","sticky":false,"template":"","format":"standard","meta":{"_monsterinsights_skip_tracking":false,"_monsterinsights_sitenote_active":false,"_monsterinsights_sitenote_note":"","_monsterinsights_sitenote_category":0,"footnotes":""},"categories":[7],"tags":[46,3],"_links":{"self":[{"href":"https:\/\/eldienteroto.org\/wp49\/wp-json\/wp\/v2\/posts\/4585"}],"collection":[{"href":"https:\/\/eldienteroto.org\/wp49\/wp-json\/wp\/v2\/posts"}],"about":[{"href":"https:\/\/eldienteroto.org\/wp49\/wp-json\/wp\/v2\/types\/post"}],"author":[{"embeddable":true,"href":"https:\/\/eldienteroto.org\/wp49\/wp-json\/wp\/v2\/users\/6"}],"replies":[{"embeddable":true,"href":"https:\/\/eldienteroto.org\/wp49\/wp-json\/wp\/v2\/comments?post=4585"}],"version-history":[{"count":3,"href":"https:\/\/eldienteroto.org\/wp49\/wp-json\/wp\/v2\/posts\/4585\/revisions"}],"predecessor-version":[{"id":4599,"href":"https:\/\/eldienteroto.org\/wp49\/wp-json\/wp\/v2\/posts\/4585\/revisions\/4599"}],"wp:featuredmedia":[{"embeddable":true,"href":"https:\/\/eldienteroto.org\/wp49\/wp-json\/wp\/v2\/media\/4588"}],"wp:attachment":[{"href":"https:\/\/eldienteroto.org\/wp49\/wp-json\/wp\/v2\/media?parent=4585"}],"wp:term":[{"taxonomy":"category","embeddable":true,"href":"https:\/\/eldienteroto.org\/wp49\/wp-json\/wp\/v2\/categories?post=4585"},{"taxonomy":"post_tag","embeddable":true,"href":"https:\/\/eldienteroto.org\/wp49\/wp-json\/wp\/v2\/tags?post=4585"}],"curies":[{"name":"wp","href":"https:\/\/api.w.org\/{rel}","templated":true}]}}