{"id":400,"date":"2021-08-03T01:06:06","date_gmt":"2021-08-03T01:06:06","guid":{"rendered":"https:\/\/eldienteroto.org\/wp49\/?p=400"},"modified":"2026-03-11T17:19:35","modified_gmt":"2026-03-11T21:49:35","slug":"uslar-pietri-arturo","status":"publish","type":"post","link":"https:\/\/eldienteroto.org\/wp49\/uslar-pietri-arturo\/","title":{"rendered":"Arturo Uslar Pietri"},"content":{"rendered":"\n<h4 class=\"wp-block-heading\">(Caracas, 1906-2001)<\/h4>\n\n\n\n<p>Con tan solo 14 a\u00f1os publica su primer art\u00edculo (<em>El pl\u00e1tano o banano<\/em>), en el diario <em>El Comercio, <\/em>de Maracay. Hacia 1923 aparecen algunos de sus primeros relatos en la revista <em>Biliken<\/em>. Al a\u00f1o siguiente inicia sus estudios de Derecho. Se desempe\u00f1a como escribiente en el Juzgado de Primera Instancia en lo civil del Distrito Federal, mientras contin\u00faa su colaboraci\u00f3n con distintas revistas y peri\u00f3dic0s: <em>\u00c9lite, El Universal, Cultura Venezolana<\/em>, entre otros<em>. <\/em><\/p>\n\n\n\n<p>Aparece su primer libro de cuentos <em>Barrab\u00e1s y otros<\/em> <em>relatos <\/em>(1928)<em>.<\/em>Se grad\u00faa como doctor en Ciencias Pol\u00edticas. Es nombrado agregado de la Legaci\u00f3n de Venezuela a Francia. Viaja a Par\u00eds. En Espa\u00f1a aparece publicada su c\u00e9lebre novela <em>Las lanzas coloradas <\/em>(1931).<\/p>\n\n\n\n<p>Ejerce como profesor de la Universidad Central de Venezuela a partir de 1937. Comienza de lleno su vida en la pol\u00edtica, asumiendo como Ministro de Educaci\u00f3n (1939). Para esas mismas fechas contrae matrimonio con Isabel Braun. Luego, asume diversos cargos: Secretario de la Presidencia de la Rep\u00fablica, Ministro de Hacienda. Es elegido diputado a la Asamblea Legislativa. Parte al exilio en 1945, tras el derrocamiento de Isa\u00edas Medina Angarita.<\/p>\n\n\n\n<p>A partir de 1948 inicia su colaboraci\u00f3n con el diario <em>El Nacional<\/em>, con su columna <em>Pizarr\u00f3n<\/em>, que mantendr\u00e1 por m\u00e1s de 50 a\u00f1os. Regresa al pa\u00eds en 1950. Inicia en 1953 su recordado programa de televisi\u00f3n <em>Valores humanos. <\/em>En 1963 aspira a la presidencia de la Rep\u00fablica, pero no obtiene la mayor\u00eda de votos. Asume como Senador en dos per\u00edodos consecutivos. Hacia 1973 declina toda aspiraci\u00f3n y participaci\u00f3n en pol\u00edtica.<\/p>\n\n\n\n<p>Entre novelas, libros de cuento, ensayos, obras de teatro y poes\u00eda, public\u00f3 una gran cantidad de vol\u00famenes, que incluyen, adem\u00e1s de las primeras mencionadas: <em>El camino de El Dorado<\/em> (1947), <em>Letras y hombres de Venezuela<\/em> (1948), <em>Treinta hombres y sus sombras, De una a otra Venezuela <\/em>(ambos en 1949), <em>Las nubes <\/em>(1951), <em>Apuntes para retratos <\/em>(1952), <em>El d\u00eda del Antero Alb\u00e1n<\/em> y<em> El dios invisible <\/em>(1957), <em>Ch\u00fao Gil y las tejedoras <\/em>y <em>La fuga de Miranda <\/em>(1959), <em>Un retrato en la geograf\u00eda <\/em>(1962), <em>Estaci\u00f3n de m\u00e1scaras<\/em> (1964), <em>Pasos y pasajeros<\/em> (1966), <em>Oraciones para despertar<\/em> (1967), <em>Oficio de difuntos<\/em> (1976), <em>Fantasmas de dos mundos<\/em> (1979), <em>Los ganadores<\/em> (1980), <em>La isla de Robinson<\/em> (1981), <em>El hombre que voy siendo<\/em> (1986), <em>La visita en el tiempo<\/em> (1990), entre otros.<\/p>\n\n\n\n<h4 class=\"wp-block-heading\">Teatro<\/h4>\n\n\n\n<p><a rel=\"noopener\" href=\"https:\/\/eldienteroto.org\/wp49\/chuo-gil-y-las-tejedoras\/\" target=\"_blank\">Ch\u00fao Gil y las tejedoras<\/a> (fragmentos)<\/p>\n\n\n\n<p><a href=\"https:\/\/eldienteroto.org\/wp49\/el-dios-invisible\/\" target=\"_blank\" rel=\"noreferrer noopener\">El dios invisible<\/a><\/p>\n\n\n\n<h4 class=\"wp-block-heading\">Novela<\/h4>\n\n\n\n<p><a href=\"https:\/\/eldienteroto.org\/wp49\/retrato-geografia\/\" target=\"_blank\" rel=\"noreferrer noopener\">Un retrato en la geograf\u00eda (parte I)<\/a><\/p>\n\n\n\n<p><a href=\"https:\/\/eldienteroto.org\/wp49\/oficio-de-difuntos-2\/\">Oficio de difuntos<\/a> (fragmentos)<\/p>\n\n\n\n<p><a rel=\"noreferrer noopener\" href=\"https:\/\/eldienteroto.org\/wp49\/la-isla-de-robinson\/\" target=\"_blank\">La isla de R\u00f3binson<\/a> (fragmentos)<\/p>\n\n\n\n<p><a href=\"https:\/\/eldienteroto.org\/wp49\/estacion-de-mascaras\/\" target=\"_blank\" rel=\"noreferrer noopener\">Estaci\u00f3n de m\u00e1scaras<\/a><\/p>\n\n\n\n<h4 class=\"wp-block-heading\">Cuento:<\/h4>\n\n\n\n<p><a href=\"https:\/\/eldienteroto.org\/wp49\/?p=411&amp;preview=true\" target=\"_blank\" rel=\"noopener\">La lluvia<\/a><\/p>\n\n\n\n<p><a href=\"https:\/\/eldienteroto.org\/wp49\/?p=600&amp;preview=true\" target=\"_blank\" rel=\"noopener\">Sime\u00f3n Calamaris<\/a><\/p>\n\n\n\n<p><a href=\"https:\/\/eldienteroto.org\/wp49\/dos-cuentos-con-gallos\/\" target=\"_blank\" rel=\"noopener\">El gallo y La misa de gallo<\/a><\/p>\n\n\n\n<p><a href=\"https:\/\/eldienteroto.org\/wp49\/dos-cuentos-de-arturo-uslar-pietri\/\" target=\"_blank\" rel=\"noopener\">Barrab\u00e1s y La mula<\/a><\/p>\n\n\n\n<h4 class=\"wp-block-heading\">Ensayo:<\/h4>\n\n\n\n<p><a href=\"https:\/\/eldienteroto.org\/wp49\/?p=405&amp;preview=true\" target=\"_blank\" rel=\"noopener\">La hamaca de Bol\u00edvar<\/a><\/p>\n\n\n\n<p><a rel=\"noopener\" href=\"https:\/\/eldienteroto.org\/wp49\/lo-criollo-en-la-literatura\/\" target=\"_blank\">Lo criollo en la literatura<\/a><\/p>\n\n\n\n<p><a rel=\"noreferrer noopener\" href=\"https:\/\/eldienteroto.org\/wp49\/el-caracter-de-la-literatura-venezolana\/\" target=\"_blank\">El car\u00e1cter de la literatura venezolana<\/a><\/p>\n\n\n\n<p><a href=\"https:\/\/eldienteroto.org\/wp49\/dos-ensayos-de-arturo-uslar-pietri\/\" target=\"_blank\" rel=\"noreferrer noopener\">Realismo m\u00e1gico\/La historia en la novela<\/a><\/p>\n\n\n\n<h4 class=\"wp-block-heading\">En Biblioteca<\/h4>\n\n\n\n<p><a href=\"https:\/\/eldienteroto.org\/wp49\/letras-y-hombres-de-venezuela\/\" target=\"_blank\" rel=\"noreferrer noopener\">Letras y hombres de Venezuela<\/a><\/p>\n\n\n\n<p><a href=\"https:\/\/eldienteroto.org\/wp49\/las-lanzas-coloradas\/\" target=\"_blank\" rel=\"noopener\">Las lanzas coloradas<\/a><\/p>\n\n\n\n<p><a rel=\"noopener\" href=\"https:\/\/eldienteroto.org\/wp49\/oficio-de-difuntos\/\" target=\"_blank\">Oficio de difuntos<\/a> (libro)<\/p>\n\n\n\n<p><a href=\"https:\/\/eldienteroto.org\/wp49\/?p=768&amp;preview=true\" target=\"_blank\" rel=\"noopener\">Mundo nuevo, nuevo mundo<\/a><\/p>\n\n\n\n<p><a rel=\"noopener\" href=\"https:\/\/eldienteroto.org\/wp49\/la-visita-en-el-tiempo\/\" target=\"_blank\">La visita en el tiempo<\/a><\/p>\n\n\n\n<p><a rel=\"noreferrer noopener\" href=\"https:\/\/eldienteroto.org\/wp49\/camino-dorado\/\" target=\"_blank\">El camino de El dorado<\/a><\/p>\n\n\n\n<p><a rel=\"noreferrer noopener\" href=\"https:\/\/eldienteroto.org\/wp49\/chuo-gil-y-las-tejedoras-2\/\" target=\"_blank\">Ch\u00fao Gil y las tejedoras<\/a> (libro)<\/p>\n\n\n\n<p><a rel=\"noreferrer noopener\" href=\"https:\/\/eldienteroto.org\/wp49\/los-ganadores\/\" target=\"_blank\">Los ganadores<\/a><\/p>\n\n\n\n<p><a href=\"https:\/\/eldienteroto.org\/wp49\/cuarenta-ensayos\/\" target=\"_blank\" rel=\"noreferrer noopener\">Cuarenta ensayos<\/a><\/p>\n\n\n\n<p><a href=\"https:\/\/eldienteroto.org\/wp49\/cuarenta-cuentos\/\" target=\"_blank\" rel=\"noreferrer noopener\">Cuarenta cuentos<\/a><\/p>\n","protected":false},"excerpt":{"rendered":"<p>(Caracas, 1906-2001) Con tan solo 14 a\u00f1os publica su primer art\u00edculo (El pl\u00e1tano o banano), en el diario El Comercio, de Maracay. Hacia 1923 aparecen algunos de sus primeros relatos en la revista Biliken. Al a\u00f1o siguiente inicia sus estudios de Derecho. Se desempe\u00f1a como escribiente en el Juzgado de Primera Instancia en lo civil [&hellip;]<\/p>\n","protected":false},"author":6,"featured_media":766,"comment_status":"open","ping_status":"closed","sticky":false,"template":"","format":"standard","meta":{"_monsterinsights_skip_tracking":false,"_monsterinsights_sitenote_active":false,"_monsterinsights_sitenote_note":"","_monsterinsights_sitenote_category":0,"footnotes":""},"categories":[7],"tags":[46,3],"_links":{"self":[{"href":"https:\/\/eldienteroto.org\/wp49\/wp-json\/wp\/v2\/posts\/400"}],"collection":[{"href":"https:\/\/eldienteroto.org\/wp49\/wp-json\/wp\/v2\/posts"}],"about":[{"href":"https:\/\/eldienteroto.org\/wp49\/wp-json\/wp\/v2\/types\/post"}],"author":[{"embeddable":true,"href":"https:\/\/eldienteroto.org\/wp49\/wp-json\/wp\/v2\/users\/6"}],"replies":[{"embeddable":true,"href":"https:\/\/eldienteroto.org\/wp49\/wp-json\/wp\/v2\/comments?post=400"}],"version-history":[{"count":27,"href":"https:\/\/eldienteroto.org\/wp49\/wp-json\/wp\/v2\/posts\/400\/revisions"}],"predecessor-version":[{"id":18389,"href":"https:\/\/eldienteroto.org\/wp49\/wp-json\/wp\/v2\/posts\/400\/revisions\/18389"}],"wp:featuredmedia":[{"embeddable":true,"href":"https:\/\/eldienteroto.org\/wp49\/wp-json\/wp\/v2\/media\/766"}],"wp:attachment":[{"href":"https:\/\/eldienteroto.org\/wp49\/wp-json\/wp\/v2\/media?parent=400"}],"wp:term":[{"taxonomy":"category","embeddable":true,"href":"https:\/\/eldienteroto.org\/wp49\/wp-json\/wp\/v2\/categories?post=400"},{"taxonomy":"post_tag","embeddable":true,"href":"https:\/\/eldienteroto.org\/wp49\/wp-json\/wp\/v2\/tags?post=400"}],"curies":[{"name":"wp","href":"https:\/\/api.w.org\/{rel}","templated":true}]}}