{"id":18787,"date":"2026-09-05T13:43:38","date_gmt":"2026-09-05T18:13:38","guid":{"rendered":"https:\/\/eldienteroto.org\/wp49\/?p=18787"},"modified":"2026-09-05T13:44:46","modified_gmt":"2026-09-05T18:14:46","slug":"nuevos-titulos-de-la-coleccion-el-alba-ya-no-pudo-negarme","status":"publish","type":"post","link":"https:\/\/eldienteroto.org\/wp49\/nuevos-titulos-de-la-coleccion-el-alba-ya-no-pudo-negarme\/","title":{"rendered":"Nuevos t\u00edtulos de la colecci\u00f3n \u201cEl alba ya no pudo negarme\u201d"},"content":{"rendered":"\n<blockquote class=\"wp-block-quote\">\n<p><strong>Fundaci\u00f3n Editorial Tuqueque invita a la presentaci\u00f3n de<\/strong><em> <strong>Padre, Tengo miedo y espero el alba y Habitar la forma<\/strong><\/em><strong> nuevos t\u00edtulos de la colecci\u00f3n de poes\u00eda \u201cEl alba ya no pudo negarme\u201d<\/strong>:<\/p>\n<\/blockquote>\n\n\n\n<p>El jueves 17 de septiembre, a las 4: 30 PM, en La Poeteca de Caracas(Torre Mene Grande II, en la avenida Francisco de Miranda, Los Palos Grandes) ser\u00e1n presentados los nuevos t\u00edtulos de la colecci\u00f3n de poes\u00eda <em>El alba ya no pudo negarme:<\/em> <em>Padre, tengo miedo y espero el alba<\/em> de Cristina G\u00e1lvez Martos y <em>Habitar la forma <\/em>de Zorian Ram\u00edrez Espinoza.<\/p>\n\n\n\n<p><strong>La actividad contar\u00e1 con palabras de: Ken P\u00e9rez Morales (presidente de la FET), y Leonardo Almao (artista visual de la colecci\u00f3n) adem\u00e1s de una lectura po\u00e9tica por parte de los autores: Cristina G\u00e1lvez Martos y Zorian Ram\u00edrez Espinoza y&nbsp; una lectura de textos cr\u00edticos por parte de: Christiane Dimitriades, Y\u00e9iber Rom\u00e1n , Pamela Rahn S\u00e1nchez y Eleonora Requena.<\/strong><\/p>\n\n\n\n<p>La colecci\u00f3n de poes\u00eda <em>El alba ya no pudo negarme <\/em>toma su nombre de\u00a0 un verso de la poeta venezolana Mar\u00eda Calca\u00f1o. Esta colecci\u00f3n pretende ser \u00abcaja de resonancia\u00bb para voces hispanoamericanas contempor\u00e1neas. Conceptualizada por Zorian Ram\u00edrez Espinoza, dicha iniciativa busca visibilizar nuevas voces en poes\u00eda o resaltar aquellas que creemos necesarias por la singularidad y capacidad para subvertir o enriquecer una tradici\u00f3n po\u00e9tica.<\/p>\n\n\n\n<p><\/p>\n\n\n\n<p><img decoding=\"async\" loading=\"lazy\" width=\"1000\" height=\"750\" class=\"wp-image-18789\" style=\"width: 459px;\" src=\"https:\/\/eldienteroto.org\/wp49\/wp-content\/uploads\/2026\/09\/foto-autor-cristina-galvez-2.jpg\" alt=\"\" srcset=\"https:\/\/eldienteroto.org\/wp49\/wp-content\/uploads\/2026\/09\/foto-autor-cristina-galvez-2.jpg 1000w, https:\/\/eldienteroto.org\/wp49\/wp-content\/uploads\/2026\/09\/foto-autor-cristina-galvez-2-300x225.jpg 300w, https:\/\/eldienteroto.org\/wp49\/wp-content\/uploads\/2026\/09\/foto-autor-cristina-galvez-2-768x576.jpg 768w\" sizes=\"(max-width: 1000px) 100vw, 1000px\" \/><\/p>\n\n\n\n<blockquote class=\"wp-block-quote\">\n<p>Miedo, padre,<\/p>\n\n\n\n<p>a la vida que siempre he contenido.<\/p>\n\n\n\n<p>Quiz\u00e1s el alba me abra<\/p>\n\n\n\n<p>como a una caja de m\u00fasica.<\/p>\n<cite><strong><em>Padre, tengo miedo y espero el alba <\/em><\/strong>de Cristina G\u00e1lvez Martos<\/cite><\/blockquote>\n\n\n\n<p><\/p>\n\n\n\n<p><img decoding=\"async\" loading=\"lazy\" width=\"640\" height=\"640\" class=\"wp-image-18790\" style=\"width: 450px;\" src=\"https:\/\/eldienteroto.org\/wp49\/wp-content\/uploads\/2026\/09\/photo_2026-08-09_17-37-59.jpg\" alt=\"\" srcset=\"https:\/\/eldienteroto.org\/wp49\/wp-content\/uploads\/2026\/09\/photo_2026-08-09_17-37-59.jpg 640w, https:\/\/eldienteroto.org\/wp49\/wp-content\/uploads\/2026\/09\/photo_2026-08-09_17-37-59-300x300.jpg 300w, https:\/\/eldienteroto.org\/wp49\/wp-content\/uploads\/2026\/09\/photo_2026-08-09_17-37-59-150x150.jpg 150w\" sizes=\"(max-width: 640px) 100vw, 640px\" \/><\/p>\n\n\n\n<blockquote class=\"wp-block-quote\">\n<p>El mundo intenta salir del espejo<\/p>\n\n\n\n<p>romper la quietud del agua<\/p>\n\n\n\n<p>Grita mi nombre<\/p>\n\n\n\n<p>Pero no soy sino una noche perturbada<\/p>\n\n\n\n<p>Por una luz errante<\/p>\n\n\n\n<p>Desencarno<\/p>\n<cite><strong><em>Habitar la forma <\/em><\/strong>de Zorian Ram\u00edrez Espinoza<\/cite><\/blockquote>\n\n\n\n<p><\/p>\n\n\n\n<p><\/p>\n\n\n\n<p>\u00b7 <strong>Lugar:<\/strong>&nbsp; La Poeteca de Caracas(Torre Mene Grande II, en la avenida Francisco de Miranda, Los Palos Grandes)<\/p>\n\n\n\n<p><strong>\u00b7 Fecha:<\/strong> Jueves 17 de Septiembre del 2026.<\/p>\n\n\n\n<p>\u00b7 <strong>Hora<\/strong> 4: 30 PM.<\/p>\n\n\n\n<p><strong>\u00b7 Entrada libre.<\/strong><\/p>\n\n\n\n<p><strong>\u00b7 Redes sociales<\/strong> <strong>Instagram:<\/strong> Fundaci\u00f3n Editorial Tuqueque<strong> @editorialtuqueque<\/strong><\/p>\n","protected":false},"excerpt":{"rendered":"<p>Fundaci\u00f3n Editorial Tuqueque invita a la presentaci\u00f3n de Padre, Tengo miedo y espero el alba y Habitar la forma nuevos t\u00edtulos de la colecci\u00f3n de poes\u00eda \u201cEl alba ya no pudo negarme\u201d: El jueves 17 de septiembre, a las 4: 30 PM, en La Poeteca de Caracas(Torre Mene Grande II, en la avenida Francisco de [&hellip;]<\/p>\n","protected":false},"author":6,"featured_media":18788,"comment_status":"open","ping_status":"closed","sticky":false,"template":"","format":"standard","meta":{"_monsterinsights_skip_tracking":false,"_monsterinsights_sitenote_active":false,"_monsterinsights_sitenote_note":"","_monsterinsights_sitenote_category":0,"footnotes":""},"categories":[25],"tags":[],"_links":{"self":[{"href":"https:\/\/eldienteroto.org\/wp49\/wp-json\/wp\/v2\/posts\/18787"}],"collection":[{"href":"https:\/\/eldienteroto.org\/wp49\/wp-json\/wp\/v2\/posts"}],"about":[{"href":"https:\/\/eldienteroto.org\/wp49\/wp-json\/wp\/v2\/types\/post"}],"author":[{"embeddable":true,"href":"https:\/\/eldienteroto.org\/wp49\/wp-json\/wp\/v2\/users\/6"}],"replies":[{"embeddable":true,"href":"https:\/\/eldienteroto.org\/wp49\/wp-json\/wp\/v2\/comments?post=18787"}],"version-history":[{"count":4,"href":"https:\/\/eldienteroto.org\/wp49\/wp-json\/wp\/v2\/posts\/18787\/revisions"}],"predecessor-version":[{"id":18794,"href":"https:\/\/eldienteroto.org\/wp49\/wp-json\/wp\/v2\/posts\/18787\/revisions\/18794"}],"wp:featuredmedia":[{"embeddable":true,"href":"https:\/\/eldienteroto.org\/wp49\/wp-json\/wp\/v2\/media\/18788"}],"wp:attachment":[{"href":"https:\/\/eldienteroto.org\/wp49\/wp-json\/wp\/v2\/media?parent=18787"}],"wp:term":[{"taxonomy":"category","embeddable":true,"href":"https:\/\/eldienteroto.org\/wp49\/wp-json\/wp\/v2\/categories?post=18787"},{"taxonomy":"post_tag","embeddable":true,"href":"https:\/\/eldienteroto.org\/wp49\/wp-json\/wp\/v2\/tags?post=18787"}],"curies":[{"name":"wp","href":"https:\/\/api.w.org\/{rel}","templated":true}]}}