{"id":18529,"date":"2026-04-26T16:09:49","date_gmt":"2026-04-26T20:39:49","guid":{"rendered":"https:\/\/eldienteroto.org\/wp49\/?p=18529"},"modified":"2026-04-26T16:11:28","modified_gmt":"2026-04-26T20:41:28","slug":"jeronimo-alayon-gomez","status":"publish","type":"post","link":"https:\/\/eldienteroto.org\/wp49\/jeronimo-alayon-gomez\/","title":{"rendered":"Jer\u00f3nimo Alay\u00f3n G\u00f3mez"},"content":{"rendered":"\n<h4 class=\"wp-block-heading\">(Caracas, 1966)<\/h4>\n\n\n\n<p>Ling\u00fcista, escritor y profesor en la Universidad Central de Venezuela, donde es Jefe del Departamento de Ense\u00f1anzas Generales en la Facultad de Ingenier\u00eda. Columnista del diario <em>El Nacional<\/em> (Caracas). Finalista del XXV Premio Internacional Juan Rulfo (Par\u00eds, 2008) con el relato <em>El \u00faltimo tren<\/em>. Fue alumno del Taller de Poes\u00eda de Leonardo Padr\u00f3n (1988) y del Taller de Narrativa de B\u00e1rbara Piano (1990). Desde 2012 desarrolla el <a href=\"https:\/\/jeronimo-alayon.com.ve\/proyecto-akanthos\/\" target=\"_blank\" rel=\"noreferrer noopener\">Proyecto Akanthos<\/a>, una propuesta de creaci\u00f3n literaria fundada en una comunidad de heter\u00f3nimos.<\/p>\n\n\n\n<p>Licenciado en Letras por la Universidad Cat\u00f3lica Andr\u00e9s Bello (1993). Se ha dedicado durante 25 a\u00f1os a los estudios del discurso enfocados en la ret\u00f3rica, el an\u00e1lisis de los problemas ontofenomenol\u00f3gicos del discurso po\u00e9tico y la investigaci\u00f3n etnoliteraria (es autor del primer corpus etnoliterario de Colonia Tovar, en el que se recopilaron 128 muestras durante 30 a\u00f1os de investigaci\u00f3n). Su labor de investigaci\u00f3n ha sido reconocida por el Vicerrectorado Acad\u00e9mico de la Universidad Central de Venezuela consecutivamente en 2024 y 2025. Miembro de la Asociaci\u00f3n Latinoamericana de Estudios del Discurso (ALED), de la Asociaci\u00f3n Hisp\u00e1nica de Humanidades (USA) y del C\u00edrculo de Escritores de Venezuela.<\/p>\n\n\n\n<h4 class=\"wp-block-heading\">Poes\u00eda<\/h4>\n\n\n\n<p><a href=\"https:\/\/eldienteroto.org\/wp49\/poemas-de-jeronimo-alayon\/\">Poemas selectos<\/a><\/p>\n\n\n\n<h4 class=\"wp-block-heading\">Cuento<\/h4>\n\n\n\n<p><a rel=\"noreferrer noopener\" href=\"https:\/\/eldienteroto.org\/wp49\/el-ultimo-tren\/\" target=\"_blank\">El \u00faltimo tren<\/a><\/p>\n\n\n\n<h6 class=\"wp-block-heading\">Fuente de informaci\u00f3n e imagen: <a href=\"https:\/\/jeronimo-alayon.com.ve\/\" target=\"_blank\" rel=\"noreferrer noopener\">web personal del autor<\/a>.<\/h6>\n","protected":false},"excerpt":{"rendered":"<p>(Caracas, 1966) Ling\u00fcista, escritor y profesor en la Universidad Central de Venezuela, donde es Jefe del Departamento de Ense\u00f1anzas Generales en la Facultad de Ingenier\u00eda. Columnista del diario El Nacional (Caracas). Finalista del XXV Premio Internacional Juan Rulfo (Par\u00eds, 2008) con el relato El \u00faltimo tren. Fue alumno del Taller de Poes\u00eda de Leonardo Padr\u00f3n [&hellip;]<\/p>\n","protected":false},"author":6,"featured_media":18530,"comment_status":"open","ping_status":"closed","sticky":false,"template":"","format":"standard","meta":{"_monsterinsights_skip_tracking":false,"_monsterinsights_sitenote_active":false,"_monsterinsights_sitenote_note":"","_monsterinsights_sitenote_category":0,"footnotes":""},"categories":[7],"tags":[],"_links":{"self":[{"href":"https:\/\/eldienteroto.org\/wp49\/wp-json\/wp\/v2\/posts\/18529"}],"collection":[{"href":"https:\/\/eldienteroto.org\/wp49\/wp-json\/wp\/v2\/posts"}],"about":[{"href":"https:\/\/eldienteroto.org\/wp49\/wp-json\/wp\/v2\/types\/post"}],"author":[{"embeddable":true,"href":"https:\/\/eldienteroto.org\/wp49\/wp-json\/wp\/v2\/users\/6"}],"replies":[{"embeddable":true,"href":"https:\/\/eldienteroto.org\/wp49\/wp-json\/wp\/v2\/comments?post=18529"}],"version-history":[{"count":3,"href":"https:\/\/eldienteroto.org\/wp49\/wp-json\/wp\/v2\/posts\/18529\/revisions"}],"predecessor-version":[{"id":18534,"href":"https:\/\/eldienteroto.org\/wp49\/wp-json\/wp\/v2\/posts\/18529\/revisions\/18534"}],"wp:featuredmedia":[{"embeddable":true,"href":"https:\/\/eldienteroto.org\/wp49\/wp-json\/wp\/v2\/media\/18530"}],"wp:attachment":[{"href":"https:\/\/eldienteroto.org\/wp49\/wp-json\/wp\/v2\/media?parent=18529"}],"wp:term":[{"taxonomy":"category","embeddable":true,"href":"https:\/\/eldienteroto.org\/wp49\/wp-json\/wp\/v2\/categories?post=18529"},{"taxonomy":"post_tag","embeddable":true,"href":"https:\/\/eldienteroto.org\/wp49\/wp-json\/wp\/v2\/tags?post=18529"}],"curies":[{"name":"wp","href":"https:\/\/api.w.org\/{rel}","templated":true}]}}