{"id":18521,"date":"2026-04-22T16:59:59","date_gmt":"2026-04-22T21:29:59","guid":{"rendered":"https:\/\/eldienteroto.org\/wp49\/?p=18521"},"modified":"2026-04-22T17:00:00","modified_gmt":"2026-04-22T21:30:00","slug":"biografia-de-rafael-cadenas","status":"publish","type":"post","link":"https:\/\/eldienteroto.org\/wp49\/biografia-de-rafael-cadenas\/","title":{"rendered":"Biograf\u00eda de Rafael Cadenas"},"content":{"rendered":"\n<p>Poeta, ensayista y docente, miembro del grupo literario Tabla Redonda en la d\u00e9cada de los sesenta, Rafael Cadenas es reconocido dentro y fuera del pa\u00eds como una de las voces fundamentales de la poes\u00eda venezolana contempor\u00e1nea. Su obra po\u00e9tica ha sido traducida al ingl\u00e9s, franc\u00e9s e italiano. En 1985 le fue concedido el Premio Nacional de Literatura, y en el 2022 el Premio Cervantes, siendo hasta ahora el \u00fanico venezolano en recibir tal galard\u00f3n.<\/p>\n\n\n\n<p>Haciendo clic en el enlace puedes descargar esta <a href=\"https:\/\/eldienteroto.org\/wp49\/wp-content\/uploads\/2026\/04\/rafael_cadenas.pdf\"><em>Biograf\u00eda de Rafael Cadenas<\/em><\/a>, escrita por Alejandro Madero y publicada El perro y la Rana, en su colecci\u00f3n de Premios Nacionales de Literatura.<\/p>\n","protected":false},"excerpt":{"rendered":"<p>Poeta, ensayista y docente, miembro del grupo literario Tabla Redonda en la d\u00e9cada de los sesenta, Rafael Cadenas es reconocido dentro y fuera del pa\u00eds como una de las voces fundamentales de la poes\u00eda venezolana contempor\u00e1nea. Su obra po\u00e9tica ha sido traducida al ingl\u00e9s, franc\u00e9s e italiano. En 1985 le fue concedido el Premio Nacional [&hellip;]<\/p>\n","protected":false},"author":6,"featured_media":18522,"comment_status":"open","ping_status":"closed","sticky":false,"template":"","format":"standard","meta":{"_monsterinsights_skip_tracking":false,"_monsterinsights_sitenote_active":false,"_monsterinsights_sitenote_note":"","_monsterinsights_sitenote_category":0,"footnotes":""},"categories":[11],"tags":[],"_links":{"self":[{"href":"https:\/\/eldienteroto.org\/wp49\/wp-json\/wp\/v2\/posts\/18521"}],"collection":[{"href":"https:\/\/eldienteroto.org\/wp49\/wp-json\/wp\/v2\/posts"}],"about":[{"href":"https:\/\/eldienteroto.org\/wp49\/wp-json\/wp\/v2\/types\/post"}],"author":[{"embeddable":true,"href":"https:\/\/eldienteroto.org\/wp49\/wp-json\/wp\/v2\/users\/6"}],"replies":[{"embeddable":true,"href":"https:\/\/eldienteroto.org\/wp49\/wp-json\/wp\/v2\/comments?post=18521"}],"version-history":[{"count":1,"href":"https:\/\/eldienteroto.org\/wp49\/wp-json\/wp\/v2\/posts\/18521\/revisions"}],"predecessor-version":[{"id":18523,"href":"https:\/\/eldienteroto.org\/wp49\/wp-json\/wp\/v2\/posts\/18521\/revisions\/18523"}],"wp:featuredmedia":[{"embeddable":true,"href":"https:\/\/eldienteroto.org\/wp49\/wp-json\/wp\/v2\/media\/18522"}],"wp:attachment":[{"href":"https:\/\/eldienteroto.org\/wp49\/wp-json\/wp\/v2\/media?parent=18521"}],"wp:term":[{"taxonomy":"category","embeddable":true,"href":"https:\/\/eldienteroto.org\/wp49\/wp-json\/wp\/v2\/categories?post=18521"},{"taxonomy":"post_tag","embeddable":true,"href":"https:\/\/eldienteroto.org\/wp49\/wp-json\/wp\/v2\/tags?post=18521"}],"curies":[{"name":"wp","href":"https:\/\/api.w.org\/{rel}","templated":true}]}}