{"id":18452,"date":"2026-03-25T16:31:22","date_gmt":"2026-03-25T21:01:22","guid":{"rendered":"https:\/\/eldienteroto.org\/wp49\/?p=18452"},"modified":"2026-03-25T16:31:24","modified_gmt":"2026-03-25T21:01:24","slug":"ennio-tucci","status":"publish","type":"post","link":"https:\/\/eldienteroto.org\/wp49\/ennio-tucci\/","title":{"rendered":"Ennio Tucci"},"content":{"rendered":"\n<h4 class=\"wp-block-heading\">(M\u00e9rida, 1986)<\/h4>\n\n\n\n<p>Fundador del Grupo Literario Musara\u00f1a en Coro. Docente y facilitador de talleres literarios. Licenciado en Educaci\u00f3n Menci\u00f3n Lengua y Literatura\u00a0por la Universidad Nacional Experimental Francisco de Miranda (UNEFM).<\/p>\n\n\n\n<p>Ha trabajado como: Diagramador de libros para el Sistema Nacional de Imprentas Regionales de la Fundaci\u00f3n Editorial El Perro y La Rana en el estado Falc\u00f3n (2007-2008 y 2012-2014); Corrector de pruebas del Diario La Ma\u00f1ana (2010); Especialista en Gesti\u00f3n Cultural de la Plataforma del Libro y la Lectura del Gabinete estadal Falc\u00f3n del Ministerio del Poder Popular para la Cultura (2014-2016); Docente universitario en la Universidad Polit\u00e9cnica de Falc\u00f3n \u201cAlonso Gamero\u201d (2018-2019); Editor de libros\u00a0del Fondo Editorial Carmen Delia Bencomo (2019).<\/p>\n\n\n\n<p>Reconocimientos como escritor: VI Bienal Nacional de Literatura \u00abRafael Z\u00e1rraga\u201d por la novela corta <em>En primera<\/em>, 2023; Premio \u201cLuis Britto Garc\u00eda\u201d menci\u00f3n Poes\u00eda del Consejo Municipal de Caracas por el libro <em>No se estacione<\/em>, 2014; Orden \u00abJos\u00e9 F\u00e9lix Rivas\u00bb en su segunda clase, Ministerio de la Secretar\u00eda de la Presidencia, 2011; Festival Cuando Nombro la Poes\u00eda del Instituto Nacional de la Juventud, 2010. Concurso de Cuento y Poes\u00eda \u00abRafael Jos\u00e9 \u00c1lvarez\u00bb\u00a0de la Universidad Nacional Experimental\u00a0 Francisco de Miranda en sus menciones poes\u00eda (2007) y cuento (2009).<\/p>\n\n\n\n<p>Coeditor de la antolog\u00eda arbitraria Me <em>Urbe. Venezuela \u2013 Chile<\/em> (2011). Autor de los poemarios <em>Tiran piedras los ni\u00f1os<\/em> (2009), <em>A qui\u00e9n hay que matar para vivir <\/em>(2012), <em>No se estacione<\/em> (2014) y la novela <em>En primera <\/em>(2025). Actualmente dirige <a rel=\"noreferrer noopener\" href=\"https:\/\/www.edicionesmadriguera.com.ve\" target=\"_blank\">Ediciones Madriguera<\/a>, editorial artesanal. Blog personal: https:\/\/enniotucci.blogspot.com.<\/p>\n\n\n\n<h4 class=\"wp-block-heading\">Poes\u00eda<\/h4>\n\n\n\n<p><a href=\"https:\/\/eldienteroto.org\/wp49\/no-se-estacione-seleccion\/\" target=\"_blank\" rel=\"noreferrer noopener\">No se estacione (selecci\u00f3n)<\/a><\/p>\n\n\n\n<h4 class=\"wp-block-heading\">Novela<\/h4>\n\n\n\n<p><a href=\"https:\/\/eldienteroto.org\/wp49\/en-primera-fragmentos\/\" target=\"_blank\" rel=\"noreferrer noopener\">En primera (fragmentos)<\/a><\/p>\n\n\n\n<h6 class=\"wp-block-heading\">Con datos y foto de: https:\/\/enniotucci.blogspot.com\/p\/bio-cv.html<\/h6>\n","protected":false},"excerpt":{"rendered":"<p>(M\u00e9rida, 1986) Fundador del Grupo Literario Musara\u00f1a en Coro. Docente y facilitador de talleres literarios. Licenciado en Educaci\u00f3n Menci\u00f3n Lengua y Literatura\u00a0por la Universidad Nacional Experimental Francisco de Miranda (UNEFM). Ha trabajado como: Diagramador de libros para el Sistema Nacional de Imprentas Regionales de la Fundaci\u00f3n Editorial El Perro y La Rana en el estado [&hellip;]<\/p>\n","protected":false},"author":6,"featured_media":18453,"comment_status":"open","ping_status":"closed","sticky":false,"template":"","format":"standard","meta":{"_monsterinsights_skip_tracking":false,"_monsterinsights_sitenote_active":false,"_monsterinsights_sitenote_note":"","_monsterinsights_sitenote_category":0,"footnotes":""},"categories":[7],"tags":[],"_links":{"self":[{"href":"https:\/\/eldienteroto.org\/wp49\/wp-json\/wp\/v2\/posts\/18452"}],"collection":[{"href":"https:\/\/eldienteroto.org\/wp49\/wp-json\/wp\/v2\/posts"}],"about":[{"href":"https:\/\/eldienteroto.org\/wp49\/wp-json\/wp\/v2\/types\/post"}],"author":[{"embeddable":true,"href":"https:\/\/eldienteroto.org\/wp49\/wp-json\/wp\/v2\/users\/6"}],"replies":[{"embeddable":true,"href":"https:\/\/eldienteroto.org\/wp49\/wp-json\/wp\/v2\/comments?post=18452"}],"version-history":[{"count":1,"href":"https:\/\/eldienteroto.org\/wp49\/wp-json\/wp\/v2\/posts\/18452\/revisions"}],"predecessor-version":[{"id":18454,"href":"https:\/\/eldienteroto.org\/wp49\/wp-json\/wp\/v2\/posts\/18452\/revisions\/18454"}],"wp:featuredmedia":[{"embeddable":true,"href":"https:\/\/eldienteroto.org\/wp49\/wp-json\/wp\/v2\/media\/18453"}],"wp:attachment":[{"href":"https:\/\/eldienteroto.org\/wp49\/wp-json\/wp\/v2\/media?parent=18452"}],"wp:term":[{"taxonomy":"category","embeddable":true,"href":"https:\/\/eldienteroto.org\/wp49\/wp-json\/wp\/v2\/categories?post=18452"},{"taxonomy":"post_tag","embeddable":true,"href":"https:\/\/eldienteroto.org\/wp49\/wp-json\/wp\/v2\/tags?post=18452"}],"curies":[{"name":"wp","href":"https:\/\/api.w.org\/{rel}","templated":true}]}}