{"id":18368,"date":"2026-01-13T17:39:00","date_gmt":"2026-01-13T22:09:00","guid":{"rendered":"https:\/\/eldienteroto.org\/wp49\/?p=18368"},"modified":"2026-03-09T17:53:25","modified_gmt":"2026-03-09T22:23:25","slug":"giordana-garcia","status":"publish","type":"post","link":"https:\/\/eldienteroto.org\/wp49\/giordana-garcia\/","title":{"rendered":"Giordana Garc\u00eda"},"content":{"rendered":"\n<p>Nacida en M\u00e9rida. Es licenciada en Letras menci\u00f3n Literatura Hispanoamericana y Venezolana por la Universidad de Los Andes (ULA). Realiz\u00f3 la diplomatura en Gesti\u00f3n y Promoci\u00f3n de los Derechos Culturales del Observatorio de Pol\u00edticas Culturales del Centro Cultural de la Cooperaci\u00f3n Floreal Gorini (CCC) junto con la Universidad de Buenos Aires (UBA). Actualmente realiza la Maestr\u00eda en Antropolog\u00eda Social de la UBA. Ha sido viceministra de Cultura de la Rep\u00fablica Bolivariana de Venezuela (2014\u20132016) y presidenta de la Fundaci\u00f3n editorial El perro y la rana (2013 \u2013 2017).<\/p>\n\n\n\n<p>Organizadora del 1er y 2do Encuentro Internacional de Escritoras, Caracas 2020 y 2022.\u200b\u200b\u00a0Creadora del espacio transmedia de promoci\u00f3n de poes\u00eda venezolana\u200b\u200b\u00a0Poes\u00eda en Casa. Actualmente se dedica al dise\u00f1o, desarrollo y acompa\u00f1amiento de proyectos editoriales a trav\u00e9s de Nila Ediciones.\u200b\u200b\u00a0Ha representado a Venezuela en las Ferias del Libro de Buenos Aires y de La Habana, en el Festival de Poes\u00eda de La Habana y en el Festival Jaur\u00eda de Palabras en Bolivia. Ha publicado art\u00edculos, ensayos y poemas en antolog\u00edas y revistas de Latinoam\u00e9rica y EE. UU. Coautora y compiladora de\u200b\u200b\u00a0Venezuela, v\u00f3rtice de la guerra del silgo XXI\u200b\u200b\u00a0(La Fogata\/El Colectivo, 2020) y\u200b\u200b\u00a0Poes\u00eda contra el bloqueo\u200b\u200b\u00a0(Argo Libri, 2021). Su m\u00e1s reciente libro es el poemario\u200b\u200b\u00a0Bajo el rezo animal\u200b\u200b\u00a0(Ediciones Solar, 2022).<\/p>\n\n\n\n<h4 class=\"wp-block-heading\">Poes\u00eda<\/h4>\n\n\n\n<p><a href=\"https:\/\/eldienteroto.org\/wp49\/bajo-el-rezo-animal-seleccion\/\" target=\"_blank\" rel=\"noreferrer noopener\">Bajo el rezo animal (selecci\u00f3n)<\/a><\/p>\n\n\n\n<p><a href=\"https:\/\/eldienteroto.org\/wp49\/poemas-de-giordana-garcia\/\" target=\"_blank\" rel=\"noreferrer noopener\">Poemas de Giordana Garc\u00eda<\/a><\/p>\n\n\n\n<h6 class=\"wp-block-heading\">Foto: cuenta de Instagram de <a rel=\"noreferrer noopener\" href=\"https:\/\/www.instagram.com\/circulodepoesia\/\" target=\"_blank\">circulodepoesia<\/a><\/h6>\n","protected":false},"excerpt":{"rendered":"<p>Nacida en M\u00e9rida. Es licenciada en Letras menci\u00f3n Literatura Hispanoamericana y Venezolana por la Universidad de Los Andes (ULA). Realiz\u00f3 la diplomatura en Gesti\u00f3n y Promoci\u00f3n de los Derechos Culturales del Observatorio de Pol\u00edticas Culturales del Centro Cultural de la Cooperaci\u00f3n Floreal Gorini (CCC) junto con la Universidad de Buenos Aires (UBA). Actualmente realiza la [&hellip;]<\/p>\n","protected":false},"author":6,"featured_media":18370,"comment_status":"open","ping_status":"closed","sticky":false,"template":"","format":"standard","meta":{"_monsterinsights_skip_tracking":false,"_monsterinsights_sitenote_active":false,"_monsterinsights_sitenote_note":"","_monsterinsights_sitenote_category":0,"footnotes":""},"categories":[7],"tags":[],"_links":{"self":[{"href":"https:\/\/eldienteroto.org\/wp49\/wp-json\/wp\/v2\/posts\/18368"}],"collection":[{"href":"https:\/\/eldienteroto.org\/wp49\/wp-json\/wp\/v2\/posts"}],"about":[{"href":"https:\/\/eldienteroto.org\/wp49\/wp-json\/wp\/v2\/types\/post"}],"author":[{"embeddable":true,"href":"https:\/\/eldienteroto.org\/wp49\/wp-json\/wp\/v2\/users\/6"}],"replies":[{"embeddable":true,"href":"https:\/\/eldienteroto.org\/wp49\/wp-json\/wp\/v2\/comments?post=18368"}],"version-history":[{"count":1,"href":"https:\/\/eldienteroto.org\/wp49\/wp-json\/wp\/v2\/posts\/18368\/revisions"}],"predecessor-version":[{"id":18371,"href":"https:\/\/eldienteroto.org\/wp49\/wp-json\/wp\/v2\/posts\/18368\/revisions\/18371"}],"wp:featuredmedia":[{"embeddable":true,"href":"https:\/\/eldienteroto.org\/wp49\/wp-json\/wp\/v2\/media\/18370"}],"wp:attachment":[{"href":"https:\/\/eldienteroto.org\/wp49\/wp-json\/wp\/v2\/media?parent=18368"}],"wp:term":[{"taxonomy":"category","embeddable":true,"href":"https:\/\/eldienteroto.org\/wp49\/wp-json\/wp\/v2\/categories?post=18368"},{"taxonomy":"post_tag","embeddable":true,"href":"https:\/\/eldienteroto.org\/wp49\/wp-json\/wp\/v2\/tags?post=18368"}],"curies":[{"name":"wp","href":"https:\/\/api.w.org\/{rel}","templated":true}]}}