{"id":1835,"date":"2021-10-14T15:46:46","date_gmt":"2021-10-14T15:46:46","guid":{"rendered":"https:\/\/eldienteroto.org\/wp49\/?p=1835"},"modified":"2023-11-24T18:37:26","modified_gmt":"2023-11-24T18:37:26","slug":"vicente-gerbasi","status":"publish","type":"post","link":"https:\/\/eldienteroto.org\/wp49\/vicente-gerbasi\/","title":{"rendered":"Vicente Gerbasi"},"content":{"rendered":"<h4>(Canoabo,\u00a01913 &#8211; Caracas,\u00a01992)<\/h4>\n<p>Fue un escritor, poeta, periodista, cronista, traductor, pol\u00edtico y diplom\u00e1tico venezolano. Considerado el poeta\u00a0 contempor\u00e1neo venezolano m\u00e1s representativo y uno de los m\u00e1s brillantes exponentes de la l\u00edrica vanguardista, adem\u00e1s de ser uno de los escritores m\u00e1s influyentes del siglo XX en Venezuela y uno de los m\u00e1s reconocidos. Entre las distinciones que obtuvo se destacan: Premio Municipal de Poes\u00eda (1944). Premio Nacional de Literatura (1967-1968). Premio CONAC de Poes\u00eda \u00abFrancisco Lazo Mart\u00ed\u00bb (1982). Premio CONAC de Humanidades \u00abArturo Uslar Pietri\u00bb (1987).<\/p>\n<p>En el periodismo literario desarroll\u00f3 una ingente labor. Fundador del grupo \u00abViernes\u00bb. Co-fundador de las revistas<em> Bit\u00e1cora<\/em> (1943-1944) y <em>Revista del<\/em> <em>Caribe<\/em>. Estudi\u00f3\u00a0 Filosof\u00eda y Letras en Florencia (Italia). Fue Director de la <em>Revista Nacional de<\/em> <em>Cultura<\/em>. Colaborador en las siguientes publicaciones peri\u00f3dicas: <em>Papel Literario<\/em> de El Nacional, <em>Poes\u00eda de Venezuela<\/em>, <em>El Tiempo<\/em> (Bogot\u00e1),\u00a0 <em>Cultura Universitaria<\/em> (Caracas), <em>Revista de Am\u00e9rica<\/em> (Bogot\u00e1), <em>Revista Iberoamericana<\/em> (M\u00e9xico), <em>Elite, El Universal, Billiken<\/em>.\u00a0 Prest\u00f3 servicios en el Cuerpo Diplom\u00e1tico\u00a0 como Embajador en Israel y Polonia. Algunas de sus obras fueron traducidas al franc\u00e9s, al italiano y al hebreo.<\/p>\n<p><strong>Libros publicados:\u00a0<\/strong><em>Vigilia de un naufrago<\/em> 1937.<em> Bosque doliente<\/em> 1940. <em>Liras<\/em> 1943. <em>Poemas de<\/em> <em>la noche y de la tierra<\/em> 1943. <em>Mi padre el inmigrante<\/em> 1945. <em>Tres nocturnos<\/em> 1946. <em>Poemas<\/em> 1947. <em>Los<\/em> <em>espacios c\u00e1lidos<\/em> (1952-1992).<em>C\u00edrculos de trueno<\/em> 1953.\u00a0 <em>Alegr\u00eda del tiempo<\/em> (1955-1966). <em>Tirano de<\/em> <em>sombra y fuego<\/em> 1955. <em>Antolog\u00eda po\u00e9tica<\/em> 1956. Por arte de sol (1958-1981). <em>Olivos de eternidad<\/em> 1961.<em> Poes\u00edas<\/em> 1963. <em>Poemas<\/em> 1965. <em>Alegr\u00eda del tiempo<\/em> 1966. <em>Poes\u00eda de viajes<\/em> 1968. <em>Antolog\u00eda po\u00e9tica<\/em> <em>1943- 1968<\/em> (1970). <em>Retumba como un s\u00f3tano del cielo<\/em> 1970. <em>Rememorando la Batalla de<\/em> <em>Carabobo<\/em> 1971. <em>El tirano Aguirre<\/em> 1978.<em> Antolog\u00eda po\u00e9tica 1945-1948<\/em> (1980). <em>Edades perdidas<\/em> 1981. <em>Los colores ocultos<\/em> 1985. <em>Obra po\u00e9tica<\/em> 1986.\u00a0 <em>Antolog\u00eda po\u00e9tica<\/em> 1987. Un d\u00eda muy distante 1988. <em>El solitario viento de las hoja<\/em>s 1989. <em>Iniciaci\u00f3n en la intemperie<\/em> 1990. <em>Antolog\u00eda po\u00e9tica<\/em> 1991. <em>Los oriundos del para\u00edso<\/em> 1994.<em> La semejanza transfigurada<\/em> 1996. <em>Antolog\u00eda po\u00e9tica<\/em> 2004.<\/p>\n<h4>Poes\u00eda<\/h4>\n<p class=\"entry-title title\"><a href=\"https:\/\/eldienteroto.org\/wp49\/mi-padre-el-inmigrante\/\">Mi padre el inmigrante<\/a><\/p>\n<p><a href=\"https:\/\/eldienteroto.org\/wp49\/poemas-selectos-3\/\" target=\"_blank\" rel=\"noopener\">Poemas selectos<\/a><\/p>\n<h4>En Biblioteca<\/h4>\n<p><a href=\"https:\/\/eldienteroto.org\/wp49\/edades-perdidas\/\" target=\"_blank\" rel=\"noopener\">Edades perdidas<\/a><\/p>\n<h6>*Fuentes: Instituto de investigaciones literarias Gonzalo Pic\u00f3n Febres (1987): Diccionario general de la literatura venezolana; Rivas, R. y Garc\u00eda, G. (2006): Qui\u00e9nes escriben en Venezuela.<\/h6>\n","protected":false},"excerpt":{"rendered":"<p>(Canoabo,\u00a01913 &#8211; Caracas,\u00a01992) Fue un escritor, poeta, periodista, cronista, traductor, pol\u00edtico y diplom\u00e1tico venezolano. Considerado el poeta\u00a0 contempor\u00e1neo venezolano m\u00e1s representativo y uno de los m\u00e1s brillantes exponentes de la l\u00edrica vanguardista, adem\u00e1s de ser uno de los escritores m\u00e1s influyentes del siglo XX en Venezuela y uno de los m\u00e1s reconocidos. Entre las distinciones [&hellip;]<\/p>\n","protected":false},"author":5,"featured_media":1842,"comment_status":"open","ping_status":"closed","sticky":false,"template":"","format":"standard","meta":{"_monsterinsights_skip_tracking":false,"_monsterinsights_sitenote_active":false,"_monsterinsights_sitenote_note":"","_monsterinsights_sitenote_category":0,"footnotes":""},"categories":[7],"tags":[46,3],"_links":{"self":[{"href":"https:\/\/eldienteroto.org\/wp49\/wp-json\/wp\/v2\/posts\/1835"}],"collection":[{"href":"https:\/\/eldienteroto.org\/wp49\/wp-json\/wp\/v2\/posts"}],"about":[{"href":"https:\/\/eldienteroto.org\/wp49\/wp-json\/wp\/v2\/types\/post"}],"author":[{"embeddable":true,"href":"https:\/\/eldienteroto.org\/wp49\/wp-json\/wp\/v2\/users\/5"}],"replies":[{"embeddable":true,"href":"https:\/\/eldienteroto.org\/wp49\/wp-json\/wp\/v2\/comments?post=1835"}],"version-history":[{"count":9,"href":"https:\/\/eldienteroto.org\/wp49\/wp-json\/wp\/v2\/posts\/1835\/revisions"}],"predecessor-version":[{"id":5049,"href":"https:\/\/eldienteroto.org\/wp49\/wp-json\/wp\/v2\/posts\/1835\/revisions\/5049"}],"wp:featuredmedia":[{"embeddable":true,"href":"https:\/\/eldienteroto.org\/wp49\/wp-json\/wp\/v2\/media\/1842"}],"wp:attachment":[{"href":"https:\/\/eldienteroto.org\/wp49\/wp-json\/wp\/v2\/media?parent=1835"}],"wp:term":[{"taxonomy":"category","embeddable":true,"href":"https:\/\/eldienteroto.org\/wp49\/wp-json\/wp\/v2\/categories?post=1835"},{"taxonomy":"post_tag","embeddable":true,"href":"https:\/\/eldienteroto.org\/wp49\/wp-json\/wp\/v2\/tags?post=1835"}],"curies":[{"name":"wp","href":"https:\/\/api.w.org\/{rel}","templated":true}]}}