{"id":18223,"date":"2026-01-22T17:01:15","date_gmt":"2026-01-22T21:31:15","guid":{"rendered":"https:\/\/eldienteroto.org\/wp49\/?p=18223"},"modified":"2026-01-22T17:02:41","modified_gmt":"2026-01-22T21:32:41","slug":"benjamin-martinez-hernandez","status":"publish","type":"post","link":"https:\/\/eldienteroto.org\/wp49\/benjamin-martinez-hernandez\/","title":{"rendered":"Benjam\u00edn Mart\u00ednez\u200b\u200b\u00a0Hern\u00e1ndez"},"content":{"rendered":"\n<h4 class=\"wp-block-heading\">\u200b\u200b(Caracas, 1980)\u200b\u200b&nbsp;<\/h4>\n\n\n\n<p>Antrop\u00f3logo y psic\u00f3logo. Doctor en Ciencias Sociales. Docente de la Escuela de Sociolog\u00eda de la Universidad Central de Venezuela.<\/p>\n\n\n\n<p>Ha obtenido los siguientes premios y reconocimientos: XII edici\u00f3n del Concurso para Obras de Autores In\u00e9ditos de Monte \u00c1vila Editores Latinoamericana, menci\u00f3n poes\u00eda (2014), V Bienal Nacional de Literatura Rafael Z\u00e1rraga, menci\u00f3n novela corta (2021), VI Bienal Nacional de Literatura Gustavo Pereira, Premio Nacional de Literatura Solar.<\/p>\n\n\n\n<p>Libros publicados: La octava hora (cincuenta d\u00edas en la niebla),\u200b&nbsp;Detr\u00e1s de los cristales, \u200b\u200bSin domar nada.<\/p>\n\n\n\n<h4 class=\"wp-block-heading\">En Biblioteca<\/h4>\n\n\n\n<p><a href=\"https:\/\/eldienteroto.org\/wp49\/la-octava-hora\/\" target=\"_blank\" rel=\"noreferrer noopener\">La octava hora<\/a><\/p>\n\n\n\n<h4 class=\"wp-block-heading\">Poes\u00eda<\/h4>\n\n\n\n<p><a href=\"https:\/\/eldienteroto.org\/wp49\/poemas-de-benjamin-martinez-hernandez\/\" target=\"_blank\" rel=\"noreferrer noopener\">Poemas selectos<\/a><\/p>\n\n\n\n<h6 class=\"wp-block-heading\">Foto: cuenta de Instagram de <a rel=\"noreferrer noopener\" href=\"https:\/\/www.instagram.com\/monte_avila\/\" target=\"_blank\">monte_avila<\/a><\/h6>\n","protected":false},"excerpt":{"rendered":"<p>\u200b\u200b(Caracas, 1980)\u200b\u200b&nbsp; Antrop\u00f3logo y psic\u00f3logo. Doctor en Ciencias Sociales. Docente de la Escuela de Sociolog\u00eda de la Universidad Central de Venezuela. Ha obtenido los siguientes premios y reconocimientos: XII edici\u00f3n del Concurso para Obras de Autores In\u00e9ditos de Monte \u00c1vila Editores Latinoamericana, menci\u00f3n poes\u00eda (2014), V Bienal Nacional de Literatura Rafael Z\u00e1rraga, menci\u00f3n novela corta [&hellip;]<\/p>\n","protected":false},"author":6,"featured_media":18224,"comment_status":"open","ping_status":"closed","sticky":false,"template":"","format":"standard","meta":{"_monsterinsights_skip_tracking":false,"_monsterinsights_sitenote_active":false,"_monsterinsights_sitenote_note":"","_monsterinsights_sitenote_category":0,"footnotes":""},"categories":[7],"tags":[],"_links":{"self":[{"href":"https:\/\/eldienteroto.org\/wp49\/wp-json\/wp\/v2\/posts\/18223"}],"collection":[{"href":"https:\/\/eldienteroto.org\/wp49\/wp-json\/wp\/v2\/posts"}],"about":[{"href":"https:\/\/eldienteroto.org\/wp49\/wp-json\/wp\/v2\/types\/post"}],"author":[{"embeddable":true,"href":"https:\/\/eldienteroto.org\/wp49\/wp-json\/wp\/v2\/users\/6"}],"replies":[{"embeddable":true,"href":"https:\/\/eldienteroto.org\/wp49\/wp-json\/wp\/v2\/comments?post=18223"}],"version-history":[{"count":2,"href":"https:\/\/eldienteroto.org\/wp49\/wp-json\/wp\/v2\/posts\/18223\/revisions"}],"predecessor-version":[{"id":18227,"href":"https:\/\/eldienteroto.org\/wp49\/wp-json\/wp\/v2\/posts\/18223\/revisions\/18227"}],"wp:featuredmedia":[{"embeddable":true,"href":"https:\/\/eldienteroto.org\/wp49\/wp-json\/wp\/v2\/media\/18224"}],"wp:attachment":[{"href":"https:\/\/eldienteroto.org\/wp49\/wp-json\/wp\/v2\/media?parent=18223"}],"wp:term":[{"taxonomy":"category","embeddable":true,"href":"https:\/\/eldienteroto.org\/wp49\/wp-json\/wp\/v2\/categories?post=18223"},{"taxonomy":"post_tag","embeddable":true,"href":"https:\/\/eldienteroto.org\/wp49\/wp-json\/wp\/v2\/tags?post=18223"}],"curies":[{"name":"wp","href":"https:\/\/api.w.org\/{rel}","templated":true}]}}