{"id":18119,"date":"2026-01-08T13:29:00","date_gmt":"2026-01-08T17:59:00","guid":{"rendered":"https:\/\/eldienteroto.org\/wp49\/?p=18119"},"modified":"2026-01-08T15:41:54","modified_gmt":"2026-01-08T20:11:54","slug":"hombre-mirando-al-sur","status":"publish","type":"post","link":"https:\/\/eldienteroto.org\/wp49\/hombre-mirando-al-sur\/","title":{"rendered":"Hombre mirando al sur"},"content":{"rendered":"\n<p>De las m\u00fasicas populares del siglo XX, el Jazz es quiz\u00e1 la que ha tenido y sigue teniendo una influencia m\u00e1s decisiva. Desde que los primeros m\u00fasicos negros de Nueva Orle\u00e1ns la hicieron nacer en las modalidades del G\u00f3spel, el Blue y el Spiritual, \u00e9sta no ha cesado de enriquecerse con los nuevos aportes de la m\u00fasica latinoamericana: el bossa nova, la salsa, el tango, el bolero, el son y otras expresiones donde se fusionan el Pop, Rock, el Bebop, el Cool, Swing o Free Jazz. Sin embargo, los m\u00fasicos de Jazz vivieron en su mayor\u00eda entre la extrema pobreza, la droga y la segregaci\u00f3n racial, lo cual los convierte en especies de h\u00e9roes culturales, en iconos de la autenticidad art\u00edstica y humana, como bien lo atestiguan los diferentes vocalistas e int\u00e9rpretes instrumentales a lo largo de las \u00faltimas d\u00e9cadas. Recreando la vida de Buddy Bolden, quien fuera quiz\u00e1 el primer m\u00fasico y trompetista del Jazz, &#8211;pero que no pudo dejar grabaci\u00f3n de ninguna de sus piezas&#8211; Gabriel Jim\u00e9nez Em\u00e1n ha querido rendir un tributo a esta m\u00fasica que ha marcado de manera indeleble la sensibilidad de nuestro tiempo, dando como resultado uno de los relatos m\u00e1s estremecedores de la literatura contempor\u00e1nea (nota de la contraportada).<\/p>\n\n\n\n<p>Haciendo clic en el enlace, puedes descargar sin costo <em><a href=\"https:\/\/eldienteroto.org\/wp49\/wp-content\/uploads\/2026\/01\/HOMBRE-MIRANDO-AL-SUR-Tributo-al-jazz-GABRIEL-JIMENEZ-EMAN_compressed.pdf\">Hombre mirando al sur (Tributo al jazz)<\/a> <\/em>de Gabriel Jim\u00e9nez Em\u00e1n (Ediciones Imaginaria, 2014; cortes\u00eda del autor).<\/p>\n","protected":false},"excerpt":{"rendered":"<p>De las m\u00fasicas populares del siglo XX, el Jazz es quiz\u00e1 la que ha tenido y sigue teniendo una influencia m\u00e1s decisiva. Desde que los primeros m\u00fasicos negros de Nueva Orle\u00e1ns la hicieron nacer en las modalidades del G\u00f3spel, el Blue y el Spiritual, \u00e9sta no ha cesado de enriquecerse con los nuevos aportes de [&hellip;]<\/p>\n","protected":false},"author":6,"featured_media":18120,"comment_status":"open","ping_status":"closed","sticky":false,"template":"","format":"standard","meta":{"_monsterinsights_skip_tracking":false,"_monsterinsights_sitenote_active":false,"_monsterinsights_sitenote_note":"","_monsterinsights_sitenote_category":0,"footnotes":""},"categories":[11],"tags":[],"_links":{"self":[{"href":"https:\/\/eldienteroto.org\/wp49\/wp-json\/wp\/v2\/posts\/18119"}],"collection":[{"href":"https:\/\/eldienteroto.org\/wp49\/wp-json\/wp\/v2\/posts"}],"about":[{"href":"https:\/\/eldienteroto.org\/wp49\/wp-json\/wp\/v2\/types\/post"}],"author":[{"embeddable":true,"href":"https:\/\/eldienteroto.org\/wp49\/wp-json\/wp\/v2\/users\/6"}],"replies":[{"embeddable":true,"href":"https:\/\/eldienteroto.org\/wp49\/wp-json\/wp\/v2\/comments?post=18119"}],"version-history":[{"count":2,"href":"https:\/\/eldienteroto.org\/wp49\/wp-json\/wp\/v2\/posts\/18119\/revisions"}],"predecessor-version":[{"id":18122,"href":"https:\/\/eldienteroto.org\/wp49\/wp-json\/wp\/v2\/posts\/18119\/revisions\/18122"}],"wp:featuredmedia":[{"embeddable":true,"href":"https:\/\/eldienteroto.org\/wp49\/wp-json\/wp\/v2\/media\/18120"}],"wp:attachment":[{"href":"https:\/\/eldienteroto.org\/wp49\/wp-json\/wp\/v2\/media?parent=18119"}],"wp:term":[{"taxonomy":"category","embeddable":true,"href":"https:\/\/eldienteroto.org\/wp49\/wp-json\/wp\/v2\/categories?post=18119"},{"taxonomy":"post_tag","embeddable":true,"href":"https:\/\/eldienteroto.org\/wp49\/wp-json\/wp\/v2\/tags?post=18119"}],"curies":[{"name":"wp","href":"https:\/\/api.w.org\/{rel}","templated":true}]}}