{"id":15894,"date":"2025-04-21T16:47:54","date_gmt":"2025-04-21T21:17:54","guid":{"rendered":"https:\/\/eldienteroto.org\/wp49\/?p=15894"},"modified":"2025-05-05T16:58:54","modified_gmt":"2025-05-05T21:28:54","slug":"guillermo-sucre-biografia","status":"publish","type":"post","link":"https:\/\/eldienteroto.org\/wp49\/guillermo-sucre-biografia\/","title":{"rendered":"Guillermo Sucre (biograf\u00eda)"},"content":{"rendered":"\n<p>\u201cLa obra po\u00e9tica de Guillermo Sucre no ha corrido con mucha suerte en nuestro pa\u00eds en cuanto a popularidad y ediciones, a pesar de su gran m\u00e9rito. La raz\u00f3n de ello se debe a su libro <em>La m\u00e1scara, la transparencia<\/em>, cuya importancia nacional e internacional hizo que se (re)conociera m\u00e1s el ensayista que al poeta. Aun hoy en d\u00eda decir su nombre remite a ese libro, y su poes\u00eda viene a ser una curiosidad. Mientras se hicieron muchas antolog\u00edas personales de poetas de su generaci\u00f3n \u2014la \u00fanica manera que tiene el lector actual de poder conocer a estos poetas, ya que los libros de poes\u00eda muy pocas veces son reeditados en nuestro pa\u00eds\u2014, los poemas de Sucre aparecen s\u00f3lo en antolog\u00edas generales y rara vez. Ojal\u00e1 sirvan estas l\u00edneas para que el lector sienta curiosidad por leerla\u201d (Alejandro Madero).<\/p>\n\n\n\n<p>Haciendo clic en el enlace puedes descargar sin costo esta <em><a href=\"https:\/\/eldienteroto.org\/wp49\/wp-content\/uploads\/2025\/04\/guillermo_sucre_compressed.pdf\">Biograf\u00eda de Guillermo Sucre<\/a><\/em>, la cual forma parte de la Colecci\u00f3n Premios Nacionales de Literatura, de El Perro y la rana (cortes\u00eda de esta editorial).<\/p>\n","protected":false},"excerpt":{"rendered":"<p>\u201cLa obra po\u00e9tica de Guillermo Sucre no ha corrido con mucha suerte en nuestro pa\u00eds en cuanto a popularidad y ediciones, a pesar de su gran m\u00e9rito. La raz\u00f3n de ello se debe a su libro La m\u00e1scara, la transparencia, cuya importancia nacional e internacional hizo que se (re)conociera m\u00e1s el ensayista que al poeta. [&hellip;]<\/p>\n","protected":false},"author":6,"featured_media":15895,"comment_status":"open","ping_status":"","sticky":false,"template":"","format":"standard","meta":{"_monsterinsights_skip_tracking":false,"_monsterinsights_sitenote_active":false,"_monsterinsights_sitenote_note":"","_monsterinsights_sitenote_category":0,"footnotes":""},"categories":[11],"tags":[],"_links":{"self":[{"href":"https:\/\/eldienteroto.org\/wp49\/wp-json\/wp\/v2\/posts\/15894"}],"collection":[{"href":"https:\/\/eldienteroto.org\/wp49\/wp-json\/wp\/v2\/posts"}],"about":[{"href":"https:\/\/eldienteroto.org\/wp49\/wp-json\/wp\/v2\/types\/post"}],"author":[{"embeddable":true,"href":"https:\/\/eldienteroto.org\/wp49\/wp-json\/wp\/v2\/users\/6"}],"replies":[{"embeddable":true,"href":"https:\/\/eldienteroto.org\/wp49\/wp-json\/wp\/v2\/comments?post=15894"}],"version-history":[{"count":2,"href":"https:\/\/eldienteroto.org\/wp49\/wp-json\/wp\/v2\/posts\/15894\/revisions"}],"predecessor-version":[{"id":16045,"href":"https:\/\/eldienteroto.org\/wp49\/wp-json\/wp\/v2\/posts\/15894\/revisions\/16045"}],"wp:featuredmedia":[{"embeddable":true,"href":"https:\/\/eldienteroto.org\/wp49\/wp-json\/wp\/v2\/media\/15895"}],"wp:attachment":[{"href":"https:\/\/eldienteroto.org\/wp49\/wp-json\/wp\/v2\/media?parent=15894"}],"wp:term":[{"taxonomy":"category","embeddable":true,"href":"https:\/\/eldienteroto.org\/wp49\/wp-json\/wp\/v2\/categories?post=15894"},{"taxonomy":"post_tag","embeddable":true,"href":"https:\/\/eldienteroto.org\/wp49\/wp-json\/wp\/v2\/tags?post=15894"}],"curies":[{"name":"wp","href":"https:\/\/api.w.org\/{rel}","templated":true}]}}