{"id":15651,"date":"2025-03-31T14:56:24","date_gmt":"2025-03-31T19:26:24","guid":{"rendered":"https:\/\/eldienteroto.org\/wp49\/?p=15651"},"modified":"2025-03-31T20:20:08","modified_gmt":"2025-04-01T00:50:08","slug":"corazon-de-arepa","status":"publish","type":"post","link":"https:\/\/eldienteroto.org\/wp49\/corazon-de-arepa\/","title":{"rendered":"Coraz\u00f3n de arepa"},"content":{"rendered":"\n<h4 class=\"wp-block-heading has-text-align-right\">Marisa Vannini<\/h4>\n\n\n\n<p>Hab\u00eda una vez una ni\u00f1a buena, buena, buena, pero tan buena, que no se encontraba ninguna como ella en todo el pueblo ni en cien mil millas alrededor.<\/p>\n\n\n\n<p>\u00bfSaben c\u00f3mo se llamaba? <\/p>\n\n\n\n<p>\u00a1Adiv\u00ednenlo!<\/p>\n\n\n\n<p>No es dif\u00edcil de adivinar\u2026<\/p>\n\n\n\n<p>Se llamaba Coraz\u00f3n de Arepa.<\/p>\n\n\n\n<p>Cuando era peque\u00f1a y no ten\u00eda dientes completos, o m\u00e1s tarde cuando los mudaba, al ver que su mam\u00e1 sacaba del budare las humeantes arepas de crujiente concha, se le acercaba y le dec\u00eda:<\/p>\n\n\n\n<p>\u2014Mam\u00e1, dame el coraz\u00f3n de la arepa.<\/p>\n\n\n\n<p>La mam\u00e1, pacientemente, vaciaba una a una las arepas que luego rellenaba con queso para los hermanos, y le daba a ella toda la pulpa blanca y tierna; el coraz\u00f3n de la arepa.<\/p>\n\n\n\n<p>No se sabe si de tanto comer coraz\u00f3n de arepa o porque ella misma ya era as\u00ed, esa ni\u00f1a al crecer se volvi\u00f3 buena, buena, buena, pero tan buena, que no se encontraba ninguna como ella en todo el pueblo ni en cien mil millas alrededor.<\/p>\n\n\n\n<p>Sus padres, hermanos, compa\u00f1eros, amigos, todo el pueblo la quer\u00edan mucho y por eso, cuando Coraz\u00f3n de Arepa lleg\u00f3 a la edad de casarse, estaban muy preocupados.<\/p>\n\n\n\n<p>\u00bfD\u00f3nde encontrar\u00eda Coraz\u00f3n de Arepa un muchacho bueno, bueno, bueno, tan bueno como ella para poder casarse con \u00e9l?<\/p>\n\n\n\n<p>Coraz\u00f3n de Arepa no pod\u00eda casarse con el estudiante, ni con el profesor, ni con el comerciante, ni con el doctor, porque de lo buena que era pod\u00eda sucederle que se la comieran.<\/p>\n\n\n\n<p>Y tampoco pod\u00eda casarse con el ganadero, ni con el vendedor, ni con el arriero, ni con el orde\u00f1ador, porque de lo buena que era pod\u00eda sucederle que se la comieran.<\/p>\n\n\n\n<p>\u00a1Pobre Coraz\u00f3n de Arepa! \u00bfCon qui\u00e9n se casar\u00eda ella? \u00bfD\u00f3nde encontrar un muchacho bueno, bueno, bueno, pero tan bueno para que ella se casara con \u00e9l, sin que de lo buena que era pudiera sucederle<br>que se la comieran\u2026?<\/p>\n\n\n\n<p>\u00a1Qu\u00e9 preocupaci\u00f3n!<\/p>\n\n\n\n<p>Un d\u00eda lleg\u00f3 de lejos, desde tierras de monta\u00f1a, un jovencito, tan bueno, pero tan bueno, que no hab\u00eda ning\u00fan otro como \u00e9l en todo el pueblo ni en cien mil millas alrededor.<\/p>\n\n\n\n<p>\u00bfC\u00f3mo se llamaba?<\/p>\n\n\n\n<p>\u00a1Adiv\u00ednenlo!<\/p>\n\n\n\n<p>No es dif\u00edcil de adivinar\u2026<\/p>\n\n\n\n<p>Se llamaba Pedazo de Pan, y por consejo de sus padres y de sus amigos hab\u00eda salido a dar vueltas por el mundo, en busca de una muchacha tan buena como \u00e9l, para casarse con ella.<\/p>\n\n\n\n<p>Caminaba, caminaba Pedazo de Pan, con sus anteojitos redondos, su corbata de lacito, su ruana tejida, su bastoncito de mimbre y un letrerito que dec\u00eda:<\/p>\n\n\n\n<p>Busco una buena novia<br>que con amor sincero<br>quiera amarme a m\u00ed mismo<br>a mis padres, al pueblo<br>y al mundo entero.<\/p>\n\n\n\n<p>Pero esa novia no aparec\u00eda y Pedazo de Pan segu\u00eda caminando, caminando y caminando.<\/p>\n\n\n\n<p>Cuando por fin Pedazo de Pan lleg\u00f3 a ese lejano pueblito oriental y vio y conoci\u00f3 a Coraz\u00f3n de Arepa, \u00a1se qued\u00f3 patitieso! Y de inmediato pens\u00f3:<\/p>\n\n\n\n<p>\u00a1Esta es la buena novia<br>que con amor sincero<br>sabr\u00e1 amarme a m\u00ed mismo,<br>a mis padres, al pueblo<br>y al mundo entero!<\/p>\n\n\n\n<p>\u00a1Ni dudarlo! Coraz\u00f3n de Arepa y Pedazo de Pan se casaron enseguida, en presencia de los dos pueblos reunidos, el oriental y el andino, entre el regocijo de todos. Se cuenta que por primera vez en aquella<br>gran fiesta las mujeres andinas bailaron joropo, y los j\u00f3venes orientales comieron arepa de trigo, pizca y frutas abrillantadas.<\/p>\n\n\n\n<p>Se cuenta tambi\u00e9n que desde entonces, se hicieron amigos<br>el bachaco y el chivo<br>y el andino y el oriental<br>dejaron de pelear.<\/p>\n\n\n\n<p>Y se cuenta que Coraz\u00f3n de Arepa y Pedazo de Pan, una vez casados, tuvieron muchos hijos, afortunadamente tan buenos como ellos, y sus hijos tuvieron otros, y los hijos de sus hijos otros, y fueron tantos que hoy d\u00eda la tierra est\u00e1 llena de los hijos, y de los hijos de los hijos, y de los hijos de los hijos de los hijos de Coraz\u00f3n de Arepa y Pedazo de Pan.<\/p>\n\n\n\n<p>\u00bfY saben ustedes c\u00f3mo se llamaron los hijos, y los hijos de los hijos, y los hijos de los hijos de los hijos de Coraz\u00f3n de Arepa y Pedazo de Pan?<\/p>\n\n\n\n<p>\u00a1Adiv\u00ednenlo!<\/p>\n\n\n\n<p>No es dif\u00edcil de adivinar\u2026<\/p>\n\n\n\n<p>Los hijos de Coraz\u00f3n de Arepa y Pedazo de Pan se llamaron Buena Gente, y as\u00ed se llamaron tambi\u00e9n los hijos, y los hijos de los hijos, y los hijos de los hijos de los hijos de Coraz\u00f3n de Arepa y Pedazo de Pan, pues todos fueron, afortunadamente, tan buenos, buenos, buenos como ellos.<\/p>\n\n\n\n<p>Y como fueron tantos, es muy posible, queridos amigos, que ustedes tambi\u00e9n sean y conozcan a alguien m\u00e1s que sea Buena Gente. Y yo que soy Buena Gente, es decir, hija de los hijos de los hijos de los hijos de Coraz\u00f3n de Arepa y Pedazo de Pan, as\u00ed lo espero, porque me gusta que en todo nuestro pa\u00eds haya mucha Buena Gente, y que todos los que somos Buena Gente seamos amigos.<\/p>\n\n\n\n<h4 class=\"wp-block-heading has-text-align-right\"><a href=\"https:\/\/eldienteroto.org\/wp49\/marisa-vannini\/\" target=\"_blank\" rel=\"noreferrer noopener\">Sobre la autora<\/a><\/h4>\n\n\n\n<h6 class=\"wp-block-heading\">Texto e ilustraci\u00f3n tomados del libro: <em>Leer a la orilla del cielo <\/em>(El perro y la rana, 2017)<\/h6>\n","protected":false},"excerpt":{"rendered":"<p>Marisa Vannini Hab\u00eda una vez una ni\u00f1a buena, buena, buena, pero tan buena, que no se encontraba ninguna como ella en todo el pueblo ni en cien mil millas alrededor. \u00bfSaben c\u00f3mo se llamaba? \u00a1Adiv\u00ednenlo! No es dif\u00edcil de adivinar\u2026 Se llamaba Coraz\u00f3n de Arepa. Cuando era peque\u00f1a y no ten\u00eda dientes completos, o m\u00e1s [&hellip;]<\/p>\n","protected":false},"author":6,"featured_media":15652,"comment_status":"open","ping_status":"","sticky":false,"template":"","format":"standard","meta":{"_monsterinsights_skip_tracking":false,"_monsterinsights_sitenote_active":false,"_monsterinsights_sitenote_note":"","_monsterinsights_sitenote_category":0,"footnotes":""},"categories":[16],"tags":[],"_links":{"self":[{"href":"https:\/\/eldienteroto.org\/wp49\/wp-json\/wp\/v2\/posts\/15651"}],"collection":[{"href":"https:\/\/eldienteroto.org\/wp49\/wp-json\/wp\/v2\/posts"}],"about":[{"href":"https:\/\/eldienteroto.org\/wp49\/wp-json\/wp\/v2\/types\/post"}],"author":[{"embeddable":true,"href":"https:\/\/eldienteroto.org\/wp49\/wp-json\/wp\/v2\/users\/6"}],"replies":[{"embeddable":true,"href":"https:\/\/eldienteroto.org\/wp49\/wp-json\/wp\/v2\/comments?post=15651"}],"version-history":[{"count":2,"href":"https:\/\/eldienteroto.org\/wp49\/wp-json\/wp\/v2\/posts\/15651\/revisions"}],"predecessor-version":[{"id":15666,"href":"https:\/\/eldienteroto.org\/wp49\/wp-json\/wp\/v2\/posts\/15651\/revisions\/15666"}],"wp:featuredmedia":[{"embeddable":true,"href":"https:\/\/eldienteroto.org\/wp49\/wp-json\/wp\/v2\/media\/15652"}],"wp:attachment":[{"href":"https:\/\/eldienteroto.org\/wp49\/wp-json\/wp\/v2\/media?parent=15651"}],"wp:term":[{"taxonomy":"category","embeddable":true,"href":"https:\/\/eldienteroto.org\/wp49\/wp-json\/wp\/v2\/categories?post=15651"},{"taxonomy":"post_tag","embeddable":true,"href":"https:\/\/eldienteroto.org\/wp49\/wp-json\/wp\/v2\/tags?post=15651"}],"curies":[{"name":"wp","href":"https:\/\/api.w.org\/{rel}","templated":true}]}}