{"id":149,"date":"2021-07-29T00:05:50","date_gmt":"2021-07-29T00:05:50","guid":{"rendered":"https:\/\/eldienteroto.org\/wp49\/?p=149"},"modified":"2026-04-10T17:15:13","modified_gmt":"2026-04-10T21:45:13","slug":"aquiles-nazoa","status":"publish","type":"post","link":"https:\/\/eldienteroto.org\/wp49\/aquiles-nazoa\/","title":{"rendered":"Aquiles Nazoa"},"content":{"rendered":"\n<h4 class=\"wp-block-heading\">(Caracas, 1920\u2013 La Victoria, 1976)<\/h4>\n\n\n\n<p>Fue un fact\u00f3tum tanto de la literatura (escritor en prosa y en verso, de cuentos, obras teatrales; periodista, poeta y humorista) y de la vida, pues desempe\u00f1o diversos oficios en la calle, hasta que los azares lo llevan a trabajar como empaquetador en un diario y de all\u00ed incursiona en el periodismo. Fue reportero de los diarios El Nacional, El Universal y \u00daltimas Noticias; tambi\u00e9n fund\u00f3 y form\u00f3 parte de la redacci\u00f3n de diversos \u00f3rganos impresos como <em>Fantoches, La pava macha, El tocador de se\u00f1oras <\/em>y colabor\u00f3 con <em>El morrocoy azul<\/em>, entre otros. Conoci\u00f3 brevemente la c\u00e1rcel, en 1940, tras una demanda que interpusiera el Concejo Municipal de Puerto Cabello debido a un art\u00edculo suyo. Vivi\u00f3 en el exilio entre 1955 y 1958.<\/p>\n\n\n\n<p>Entre sus publicaciones destacan: <em>Aniversario del Color<\/em> (1943),<em>&nbsp;El Transe\u00fante Sonre\u00eddo <\/em>(1945), <em>&nbsp;El Ruise\u00f1or de Catuche <\/em>(1950),<em>&nbsp;Poes\u00eda para colorear <\/em>(1958),<em>&nbsp;El burro flautista <\/em>(1959), <em>Caracas f\u00edsica y espiritual <\/em>(1966), <em>Vida Privada de las mu\u00f1ecas de trapo <\/em>(1975), y el volumen <a href=\"https:\/\/eldienteroto.org\/wp49\/humor-y-amor\/\" target=\"_blank\" rel=\"noopener\"><em>Humor y Amor de Aquiles Nazoa <\/em><\/a>(1970), compilaci\u00f3n que re\u00fane la mayor parte de sus trabajos. Aquiles Nazoa es un versificador natural, de una escritura que apuesta por lo simple, pero no como una pose sino con autenticidad.<\/p>\n\n\n\n<p>Decir que su obra&nbsp;proyecta los valores de la cultura popular venezolana ser\u00eda incurrir en un lugar com\u00fan; sin embargo es inevitable aludir a esta condici\u00f3n de sus textos, ya que tal es la esencia que los define. Visto en perspectiva, subyacentemente se entrev\u00e9 alguna cr\u00edtica social. Aunque sus textos, tambi\u00e9n, est\u00e1n llenos de resonancias y referencias de otras obras y autores de la literatura universal.<\/p>\n\n\n\n<h4 class=\"wp-block-heading\">Teatro<\/h4>\n\n\n\n<p><a href=\"https:\/\/eldienteroto.org\/wp49\/mister-hamlet\/\" target=\"_blank\" rel=\"noopener\">M\u00edster Hamlet<\/a><\/p>\n\n\n\n<h4 class=\"wp-block-heading\">Poes\u00eda<\/h4>\n\n\n\n<p><a rel=\"noopener\" href=\"https:\/\/eldienteroto.org\/wp49\/humor-y-amor\/\" target=\"_blank\">Humor y amor<\/a> (selecci\u00f3n)<\/p>\n\n\n\n<h4 class=\"wp-block-heading\">Cr\u00f3nica<\/h4>\n\n\n\n<p><a rel=\"noopener\" href=\"https:\/\/eldienteroto.org\/wp49\/dos-cronicas-caraquenas-de-aquiles-nazoa\/\" target=\"_blank\">Dos cr\u00f3nicas caraque\u00f1as<\/a><\/p>\n\n\n\n<h4 class=\"wp-block-heading\">Cuentos<\/h4>\n\n\n\n<p><a href=\"https:\/\/eldienteroto.org\/wp49\/dos-cuentos-de-aquiles-nazoa\/\" target=\"_blank\" rel=\"noreferrer noopener\">La ni\u00f1a, el pozo, el gato, el coj\u00edn volador y las siete piedritas\/La historia de un caballo que era bien bonito<\/a><\/p>\n\n\n\n<h4 class=\"wp-block-heading\">En Biblioteca<\/h4>\n\n\n\n<p><a href=\"https:\/\/eldienteroto.org\/wp49\/vida-privada-de-las-munecas-de-trapo\/\" target=\"_blank\" rel=\"noreferrer noopener\">Vida privada de las mu\u00f1ecas de trapo<\/a><\/p>\n\n\n\n<p><a href=\"http:\/\/bibliotecayacucho.ml\/libro\/poeta-enhumorado\/\" target=\"_blank\" rel=\"noopener\">Poeta enhumorado<\/a><\/p>\n\n\n\n<p><a href=\"https:\/\/eldienteroto.org\/wp49\/caracas-fisica-y-espiritual\/\" target=\"_blank\" rel=\"noopener\">Caracas f\u00edsica y espiritual<\/a><\/p>\n\n\n\n<p><a href=\"https:\/\/eldienteroto.org\/wp49\/sencillamente-aquiles\/\">Sencillamente Aquiles<\/a><\/p>\n","protected":false},"excerpt":{"rendered":"<p>(Caracas, 1920\u2013 La Victoria, 1976) Fue un fact\u00f3tum tanto de la literatura (escritor en prosa y en verso, de cuentos, obras teatrales; periodista, poeta y humorista) y de la vida, pues desempe\u00f1o diversos oficios en la calle, hasta que los azares lo llevan a trabajar como empaquetador en un diario y de all\u00ed incursiona en [&hellip;]<\/p>\n","protected":false},"author":6,"featured_media":10226,"comment_status":"open","ping_status":"closed","sticky":false,"template":"","format":"standard","meta":{"_monsterinsights_skip_tracking":false,"_monsterinsights_sitenote_active":false,"_monsterinsights_sitenote_note":"","_monsterinsights_sitenote_category":0,"footnotes":""},"categories":[7],"tags":[46,3],"_links":{"self":[{"href":"https:\/\/eldienteroto.org\/wp49\/wp-json\/wp\/v2\/posts\/149"}],"collection":[{"href":"https:\/\/eldienteroto.org\/wp49\/wp-json\/wp\/v2\/posts"}],"about":[{"href":"https:\/\/eldienteroto.org\/wp49\/wp-json\/wp\/v2\/types\/post"}],"author":[{"embeddable":true,"href":"https:\/\/eldienteroto.org\/wp49\/wp-json\/wp\/v2\/users\/6"}],"replies":[{"embeddable":true,"href":"https:\/\/eldienteroto.org\/wp49\/wp-json\/wp\/v2\/comments?post=149"}],"version-history":[{"count":19,"href":"https:\/\/eldienteroto.org\/wp49\/wp-json\/wp\/v2\/posts\/149\/revisions"}],"predecessor-version":[{"id":18496,"href":"https:\/\/eldienteroto.org\/wp49\/wp-json\/wp\/v2\/posts\/149\/revisions\/18496"}],"wp:featuredmedia":[{"embeddable":true,"href":"https:\/\/eldienteroto.org\/wp49\/wp-json\/wp\/v2\/media\/10226"}],"wp:attachment":[{"href":"https:\/\/eldienteroto.org\/wp49\/wp-json\/wp\/v2\/media?parent=149"}],"wp:term":[{"taxonomy":"category","embeddable":true,"href":"https:\/\/eldienteroto.org\/wp49\/wp-json\/wp\/v2\/categories?post=149"},{"taxonomy":"post_tag","embeddable":true,"href":"https:\/\/eldienteroto.org\/wp49\/wp-json\/wp\/v2\/tags?post=149"}],"curies":[{"name":"wp","href":"https:\/\/api.w.org\/{rel}","templated":true}]}}