{"id":13746,"date":"2024-11-01T15:35:00","date_gmt":"2024-11-01T20:05:00","guid":{"rendered":"https:\/\/eldienteroto.org\/wp49\/?p=13746"},"modified":"2024-11-01T15:59:58","modified_gmt":"2024-11-01T20:29:58","slug":"carlos-ildemar-perez","status":"publish","type":"post","link":"https:\/\/eldienteroto.org\/wp49\/carlos-ildemar-perez\/","title":{"rendered":"Carlos Ildemar P\u00e9rez"},"content":{"rendered":"\n<h4 class=\"wp-block-heading\">(Maracaibo, 1964) <\/h4>\n\n\n\n<p>Licenciado en Letras menci\u00f3n Investigaci\u00f3n y Cr\u00edtica (LUZ, 1991). Poeta, narrador, dramaturgo, ensayista y titiritero. Profesor de la Escuela de Letras de LUZ, donde desde 2005 ejerce como Director de Escuela, llevando a cabo una brillante gesti\u00f3n que ha rescatado esa instituci\u00f3n. Entre sus publicaciones destacan: Los heredarios (1988, Vice-Rectorado Acad\u00e9mico de LUZ) merecedora del III Concurso Literario, Menci\u00f3n Poes\u00eda. Estrictis de la muchacha m\u00e1s cercana (1991. Direcci\u00f3n de Cultura de LUZ), Flores para cuando Mar\u00eda Calca\u00f1o regrese (1992, Vice-Rectorado Acad\u00e9mico de LUZ) merecedora del V Concurso Literario, Menci\u00f3n Poes\u00eda; Sermones para vivir aqu\u00ed (1993, EDILUZ); Pap\u00e1 civil (1993, Direcci\u00f3n de Cultura de LUZ), Olas para ni\u00f1os navegantes (2000, EDILUZ); \u00a1A que no me come el gato! (2000, Astrodata). Tr\u00e1glaba jetoria (2004, Fondo Editorial Libro Libre); El se\u00f1or Homo Sapiens se hace a la vida de poeta, (2005, SERBILUZ); Olas para ni\u00f1os navegantes. Jushi\u2019wuin napu\u2019lajatu tepi\u2019chi sam\u00e1ntuli jirro\u2019kupuna wuin. (2005, Fondo Editorial Libro Libre); La mano de obra. Poetolog\u00eda autocr\u00edtica del proceso creador (2007, Ediciones del Vicerrectorado Acad\u00e9mico de LUZ); Chiquirriticos Musicantes &nbsp;(2009, Fundaci\u00f3n Editorial El Perro y la Rana) y Provinciano Cosmico (2011).<\/p>\n\n\n\n<h4 class=\"wp-block-heading\">En Biblioteca<\/h4>\n\n\n\n<p><a href=\"https:\/\/eldienteroto.org\/wp49\/el-poemamundo\/\" target=\"_blank\" rel=\"noreferrer noopener\">El poemamundo<\/a><\/p>\n\n\n\n<h4 class=\"wp-block-heading\">Poes\u00eda<\/h4>\n\n\n\n<p><a rel=\"noreferrer noopener\" href=\"https:\/\/eldienteroto.org\/wp49\/poemas-de-carlos-ildemar-perez\/\" target=\"_blank\">Poemas <\/a><a rel=\"noreferrer noopener\" href=\"https:\/\/eldienteroto.org\/wp49\/poemas-de-carlos-ildemar-perez\/\" target=\"_blank\">s<\/a><a rel=\"noreferrer noopener\" href=\"https:\/\/eldienteroto.org\/wp49\/poemas-de-carlos-ildemar-perez\/\" target=\"_blank\">e<\/a><a rel=\"noreferrer noopener\" href=\"https:\/\/eldienteroto.org\/wp49\/poemas-de-carlos-ildemar-perez\/\" target=\"_blank\">l<\/a><a rel=\"noreferrer noopener\" href=\"https:\/\/eldienteroto.org\/wp49\/poemas-de-carlos-ildemar-perez\/\" target=\"_blank\">e<\/a><a rel=\"noreferrer noopener\" href=\"https:\/\/eldienteroto.org\/wp49\/poemas-de-carlos-ildemar-perez\/\" target=\"_blank\">c<\/a><a rel=\"noreferrer noopener\" href=\"https:\/\/eldienteroto.org\/wp49\/poemas-de-carlos-ildemar-perez\/\" target=\"_blank\">t<\/a><a rel=\"noreferrer noopener\" href=\"https:\/\/eldienteroto.org\/wp49\/poemas-de-carlos-ildemar-perez\/\" target=\"_blank\">o<\/a><a rel=\"noreferrer noopener\" href=\"https:\/\/eldienteroto.org\/wp49\/poemas-de-carlos-ildemar-perez\/\" target=\"_blank\">s<\/a><\/p>\n\n\n\n<h6 class=\"wp-block-heading\">*Foto: https:\/\/sultanadellago.com<\/h6>\n","protected":false},"excerpt":{"rendered":"<p>(Maracaibo, 1964) Licenciado en Letras menci\u00f3n Investigaci\u00f3n y Cr\u00edtica (LUZ, 1991). Poeta, narrador, dramaturgo, ensayista y titiritero. Profesor de la Escuela de Letras de LUZ, donde desde 2005 ejerce como Director de Escuela, llevando a cabo una brillante gesti\u00f3n que ha rescatado esa instituci\u00f3n. Entre sus publicaciones destacan: Los heredarios (1988, Vice-Rectorado Acad\u00e9mico de LUZ) [&hellip;]<\/p>\n","protected":false},"author":6,"featured_media":13747,"comment_status":"open","ping_status":"","sticky":false,"template":"","format":"standard","meta":{"_monsterinsights_skip_tracking":false,"_monsterinsights_sitenote_active":false,"_monsterinsights_sitenote_note":"","_monsterinsights_sitenote_category":0,"footnotes":""},"categories":[7],"tags":[],"_links":{"self":[{"href":"https:\/\/eldienteroto.org\/wp49\/wp-json\/wp\/v2\/posts\/13746"}],"collection":[{"href":"https:\/\/eldienteroto.org\/wp49\/wp-json\/wp\/v2\/posts"}],"about":[{"href":"https:\/\/eldienteroto.org\/wp49\/wp-json\/wp\/v2\/types\/post"}],"author":[{"embeddable":true,"href":"https:\/\/eldienteroto.org\/wp49\/wp-json\/wp\/v2\/users\/6"}],"replies":[{"embeddable":true,"href":"https:\/\/eldienteroto.org\/wp49\/wp-json\/wp\/v2\/comments?post=13746"}],"version-history":[{"count":2,"href":"https:\/\/eldienteroto.org\/wp49\/wp-json\/wp\/v2\/posts\/13746\/revisions"}],"predecessor-version":[{"id":13752,"href":"https:\/\/eldienteroto.org\/wp49\/wp-json\/wp\/v2\/posts\/13746\/revisions\/13752"}],"wp:featuredmedia":[{"embeddable":true,"href":"https:\/\/eldienteroto.org\/wp49\/wp-json\/wp\/v2\/media\/13747"}],"wp:attachment":[{"href":"https:\/\/eldienteroto.org\/wp49\/wp-json\/wp\/v2\/media?parent=13746"}],"wp:term":[{"taxonomy":"category","embeddable":true,"href":"https:\/\/eldienteroto.org\/wp49\/wp-json\/wp\/v2\/categories?post=13746"},{"taxonomy":"post_tag","embeddable":true,"href":"https:\/\/eldienteroto.org\/wp49\/wp-json\/wp\/v2\/tags?post=13746"}],"curies":[{"name":"wp","href":"https:\/\/api.w.org\/{rel}","templated":true}]}}