{"id":13652,"date":"2024-10-24T09:31:56","date_gmt":"2024-10-24T14:01:56","guid":{"rendered":"https:\/\/eldienteroto.org\/wp49\/?p=13652"},"modified":"2025-01-01T17:14:33","modified_gmt":"2025-01-01T21:44:33","slug":"roberto-lovera-de-sola","status":"publish","type":"post","link":"https:\/\/eldienteroto.org\/wp49\/roberto-lovera-de-sola\/","title":{"rendered":"Roberto Lovera De Sola"},"content":{"rendered":"\n<h4 class=\"wp-block-heading\"><strong>(Caracas, 1946)<\/strong><\/h4>\n\n\n\n<p>Ha desarrollado amplias tareas como cr\u00edtico literario, investigador hist\u00f3rico, bibli\u00f3grafo, ant\u00f3logo, promotor cultural, analista pol\u00edtico y editor. Ha sido columnista de los diarios El Nacional (1967-1992), El Universal (desde 1966) y El Mundo (2004-2009), entre otros medios. Es miembro fundador y coordinador literario de la Fundaci\u00f3n Francisco Herrera Luque. Entre sus obras se encuentran Bibliograf\u00eda de la cr\u00edtica literaria venezolana; Bol\u00edvar y la opini\u00f3n p\u00fablica; Curazao, escala en el primer destierro del Libertador y La Caracas narrada, entre otros. El cr\u00edtico literario, Roberto Lovera de Sola, fue nombrado Individuo de N\u00famero de la Academia Venezolana de la Lengua, correspondiente de la Real Espa\u00f1ola, tras 50 a\u00f1os de actividad literaria e hist\u00f3rica constante. Ha publicado m\u00e1s de dos mil art\u00edculos de cr\u00edtica literaria o hist\u00f3rica y perfiles biogr\u00e1ficos, aparecidos a partir de 1964, en diarios, publicaciones digitales y revistas de actualidad y acad\u00e9micas.<\/p>\n\n\n\n<p>Entre sus numerosos libros publicados destacan <em>Bibliograf\u00eda de la cr\u00edtica literaria venezolana<\/em> (1982), <em>Gu\u00eda de la historia de Venezuela<\/em> (1982), <em>Bol\u00edvar y la opini\u00f3n p\u00fablica<\/em> (1983), <em>Er\u00f3ticos, erot\u00f3manos y otras especies<\/em> (1983), <em>Lo masculino y lo femenino entrelazado<\/em> (1992), <em>Curazao, escala en el primer destierro del Libertador<\/em> (1992), <em>El ojo que lee<\/em> (1992), <em>Cr\u00f3nica de los Presidentes de Venezuela<\/em> (1993), <em>El oficio de ser venezolano<\/em> (1994), <em>La larga casa del afecto, Historia de las relaciones afectivas del Libertador<\/em> (1994), <em>La obra hist\u00f3rica y literaria de Guillermo Mor\u00f3n<\/em> (1994), <em>Los pasos vitales de Andr\u00e9s Eloy Blanco<\/em> (1996), <em>Variaciones sobre el socialismo venezolano<\/em> (2012), <em>La alternancia de las generaciones en Venezuela<\/em> (2012), <em>La Caracas narrada <\/em>(2012), <em>Francisco Herrera Luque, humanizador cr\u00edtico de la historia <\/em>(2012), <em>Sim\u00f3n Bol\u00edvar en el tiempo de crecer. Los primeros veinte y cinco a\u00f1os, 1783-1808 <\/em>(2016), <em>Un formulador de interrogantes llamado Francisco Herrera Luque <\/em>(2018), <em>Caudillos, gamonales y guerrilleros. Una historia de la violencia en Venezuela <\/em>(2019), <em>Historia de la presencia de las mujeres en Venezuela<\/em> (2019).<\/p>\n\n\n\n<h4 class=\"wp-block-heading\">Ensayo<\/h4>\n\n\n\n<p><a href=\"https:\/\/eldienteroto.org\/wp49\/eduardo-blanco-en-su-contexto\/\" target=\"_blank\" rel=\"noreferrer noopener\">Eduardo Blanco en su contexto<\/a><\/p>\n\n\n\n<p><a rel=\"noreferrer noopener\" href=\"https:\/\/eldienteroto.org\/wp49\/breve-panorama-del-cuento-venezolano-en-el-siglo-xx\/\" target=\"_blank\">Breve panorama del cuento venezolano en el siglo XX<\/a><\/p>\n\n\n\n<h4 class=\"wp-block-heading\">Rese\u00f1a<\/h4>\n\n\n\n<p><a href=\"https:\/\/eldienteroto.org\/wp49\/roberto-lovera-de-sola\/\" target=\"_blank\" rel=\"noreferrer noopener\">Sobre \u00ab50 imprescindibles\u00bb<\/a><\/p>\n\n\n\n<h6 class=\"wp-block-heading\">*Con informaci\u00f3n de: https:\/\/fundacionpedrograses.com y https:\/\/letralia.com. Foto: https:\/\/letralia.com.<\/h6>\n","protected":false},"excerpt":{"rendered":"<p>(Caracas, 1946) Ha desarrollado amplias tareas como cr\u00edtico literario, investigador hist\u00f3rico, bibli\u00f3grafo, ant\u00f3logo, promotor cultural, analista pol\u00edtico y editor. Ha sido columnista de los diarios El Nacional (1967-1992), El Universal (desde 1966) y El Mundo (2004-2009), entre otros medios. Es miembro fundador y coordinador literario de la Fundaci\u00f3n Francisco Herrera Luque. Entre sus obras se [&hellip;]<\/p>\n","protected":false},"author":6,"featured_media":13653,"comment_status":"open","ping_status":"","sticky":false,"template":"","format":"standard","meta":{"_monsterinsights_skip_tracking":false,"_monsterinsights_sitenote_active":false,"_monsterinsights_sitenote_note":"","_monsterinsights_sitenote_category":0,"footnotes":""},"categories":[7],"tags":[],"_links":{"self":[{"href":"https:\/\/eldienteroto.org\/wp49\/wp-json\/wp\/v2\/posts\/13652"}],"collection":[{"href":"https:\/\/eldienteroto.org\/wp49\/wp-json\/wp\/v2\/posts"}],"about":[{"href":"https:\/\/eldienteroto.org\/wp49\/wp-json\/wp\/v2\/types\/post"}],"author":[{"embeddable":true,"href":"https:\/\/eldienteroto.org\/wp49\/wp-json\/wp\/v2\/users\/6"}],"replies":[{"embeddable":true,"href":"https:\/\/eldienteroto.org\/wp49\/wp-json\/wp\/v2\/comments?post=13652"}],"version-history":[{"count":3,"href":"https:\/\/eldienteroto.org\/wp49\/wp-json\/wp\/v2\/posts\/13652\/revisions"}],"predecessor-version":[{"id":14666,"href":"https:\/\/eldienteroto.org\/wp49\/wp-json\/wp\/v2\/posts\/13652\/revisions\/14666"}],"wp:featuredmedia":[{"embeddable":true,"href":"https:\/\/eldienteroto.org\/wp49\/wp-json\/wp\/v2\/media\/13653"}],"wp:attachment":[{"href":"https:\/\/eldienteroto.org\/wp49\/wp-json\/wp\/v2\/media?parent=13652"}],"wp:term":[{"taxonomy":"category","embeddable":true,"href":"https:\/\/eldienteroto.org\/wp49\/wp-json\/wp\/v2\/categories?post=13652"},{"taxonomy":"post_tag","embeddable":true,"href":"https:\/\/eldienteroto.org\/wp49\/wp-json\/wp\/v2\/tags?post=13652"}],"curies":[{"name":"wp","href":"https:\/\/api.w.org\/{rel}","templated":true}]}}