{"id":13324,"date":"2024-09-20T15:29:11","date_gmt":"2024-09-20T19:59:11","guid":{"rendered":"https:\/\/eldienteroto.org\/wp49\/?p=13324"},"modified":"2024-09-20T15:36:10","modified_gmt":"2024-09-20T20:06:10","slug":"beatriz-mendoza-sagarzazu","status":"publish","type":"post","link":"https:\/\/eldienteroto.org\/wp49\/beatriz-mendoza-sagarzazu\/","title":{"rendered":"Beatriz Mendoza Sagarzazu"},"content":{"rendered":"\n<h4 class=\"wp-block-heading\">(Valencia, 1926-Caracas, 2016) <\/h4>\n\n\n\n<p>Poeta y educadora. Miembro de la Academia Venezolana de la Lengua por el estado Carabobo.\u200b Se gradu\u00f3 de maestra normalista en el Colegio Lourdes de Valencia. Se desempe\u00f1\u00f3 como profesora de artes pl\u00e1sticas y literatura. Estuvo casada con el tambi\u00e9n poeta Luis Pastori.<\/p>\n\n\n\n<p>Colabor\u00f3 en diversos peri\u00f3dicos y revistas: Ancla, Clima, El Carabobe\u00f1o, Revista Nacional de Cultura, Tricolor, Papel Literario de <em>El Nacional<\/em>. Buena parte de su producci\u00f3n estuvo orientada a la poes\u00eda infantil.<\/p>\n\n\n\n<p><strong>Premios y reconocimientos<\/strong>: Premio Jos\u00e9 Rafael Pocaterra en poes\u00eda (Valencia, 1964), Premio Municipal de Poes\u00eda (Caracas, 1966).<\/p>\n\n\n\n<p><strong>Obras:<\/strong> Cielo elemental (1948), Viaje en un barco de papel (1956), Concierto sin m\u00fasica (1964), Al sexto d\u00eda (1957), Tarea de vacaciones (1977), La muerte ni\u00f1a (1978), Esta sombra creciente (1992), Peque\u00f1a eleg\u00eda de febrero (1994), Casi abecedario (1996).<\/p>\n\n\n\n<h4 class=\"wp-block-heading\">Poes\u00eda<\/h4>\n\n\n\n<p><a href=\"https:\/\/eldienteroto.org\/wp49\/poemas-de-beatriz-mendoza-sagarzazu\/\" target=\"_blank\" rel=\"noreferrer noopener\">Poemas selectos<\/a><\/p>\n\n\n\n<p><a href=\"https:\/\/eldienteroto.org\/wp49\/poemas-para-ninos\/\" target=\"_blank\" rel=\"noreferrer noopener\">Poemas para ni\u00f1os<\/a><\/p>\n\n\n\n<h6 class=\"wp-block-heading\">*Foto: Asociaci\u00f3n de Academias de Lengua Espa\u00f1ola<\/h6>\n","protected":false},"excerpt":{"rendered":"<p>(Valencia, 1926-Caracas, 2016) Poeta y educadora. Miembro de la Academia Venezolana de la Lengua por el estado Carabobo.\u200b Se gradu\u00f3 de maestra normalista en el Colegio Lourdes de Valencia. Se desempe\u00f1\u00f3 como profesora de artes pl\u00e1sticas y literatura. Estuvo casada con el tambi\u00e9n poeta Luis Pastori. Colabor\u00f3 en diversos peri\u00f3dicos y revistas: Ancla, Clima, El [&hellip;]<\/p>\n","protected":false},"author":6,"featured_media":13325,"comment_status":"open","ping_status":"closed","sticky":false,"template":"","format":"standard","meta":{"_monsterinsights_skip_tracking":false,"_monsterinsights_sitenote_active":false,"_monsterinsights_sitenote_note":"","_monsterinsights_sitenote_category":0,"footnotes":""},"categories":[7],"tags":[],"_links":{"self":[{"href":"https:\/\/eldienteroto.org\/wp49\/wp-json\/wp\/v2\/posts\/13324"}],"collection":[{"href":"https:\/\/eldienteroto.org\/wp49\/wp-json\/wp\/v2\/posts"}],"about":[{"href":"https:\/\/eldienteroto.org\/wp49\/wp-json\/wp\/v2\/types\/post"}],"author":[{"embeddable":true,"href":"https:\/\/eldienteroto.org\/wp49\/wp-json\/wp\/v2\/users\/6"}],"replies":[{"embeddable":true,"href":"https:\/\/eldienteroto.org\/wp49\/wp-json\/wp\/v2\/comments?post=13324"}],"version-history":[{"count":3,"href":"https:\/\/eldienteroto.org\/wp49\/wp-json\/wp\/v2\/posts\/13324\/revisions"}],"predecessor-version":[{"id":13343,"href":"https:\/\/eldienteroto.org\/wp49\/wp-json\/wp\/v2\/posts\/13324\/revisions\/13343"}],"wp:featuredmedia":[{"embeddable":true,"href":"https:\/\/eldienteroto.org\/wp49\/wp-json\/wp\/v2\/media\/13325"}],"wp:attachment":[{"href":"https:\/\/eldienteroto.org\/wp49\/wp-json\/wp\/v2\/media?parent=13324"}],"wp:term":[{"taxonomy":"category","embeddable":true,"href":"https:\/\/eldienteroto.org\/wp49\/wp-json\/wp\/v2\/categories?post=13324"},{"taxonomy":"post_tag","embeddable":true,"href":"https:\/\/eldienteroto.org\/wp49\/wp-json\/wp\/v2\/tags?post=13324"}],"curies":[{"name":"wp","href":"https:\/\/api.w.org\/{rel}","templated":true}]}}