{"id":12397,"date":"2023-07-17T21:50:00","date_gmt":"2023-07-17T21:50:00","guid":{"rendered":"https:\/\/eldienteroto.org\/wp49\/?p=12397"},"modified":"2025-02-24T14:29:26","modified_gmt":"2025-02-24T18:59:26","slug":"jose-negron-valera","status":"publish","type":"post","link":"https:\/\/eldienteroto.org\/wp49\/jose-negron-valera\/","title":{"rendered":"Jos\u00e9 Negr\u00f3n Valera"},"content":{"rendered":"\n<h4 class=\"wp-block-heading\">(Valera, 1981)<\/h4>\n\n\n\n<p>Egresado en Antropolog\u00eda (UCV, 2005), con una maestr\u00eda en Filosof\u00eda de la Guerra (Universidad Militar Bolivariana, 2018) y Doctorado en Ciencias Sociales (UCV, 2023).  Su tesis de pregrado fue publicada por la Editorial Acad\u00e9mica Espa\u00f1ola, bajo el titulo:&nbsp;<em>Saber y poder, el proceso de la renovaci\u00f3n acad\u00e9mica en la UCV (1967-1970)<\/em>. En 1998, recibi\u00f3 el Premio de Ensayo Mario Brice\u00f1o Iragorry, convocado por la Asamblea Legislativa del estado Trujillo, por su obra:&nbsp;<em>Conversaciones con Don Mario.<\/em>&nbsp;En 2018, recibe el Premio Nacional de Literatura Stefania Mosca por su obra&nbsp;<em>\u00abEl Rey de las Cenizas\u00bb<\/em>. <\/p>\n\n\n\n<p>En 2017, sale a la luz su opera prima&nbsp;<em>Un loft para Cleopatra<\/em>, novela basada en las contradicciones de un sector de la poblaci\u00f3n venezolana, formada en valores que estimulan la apariencia, el autoenga\u00f1o y la negaci\u00f3n de su cultura y or\u00edgenes. Ese mismo a\u00f1o, publica&nbsp;<em>\u00abReyes y Dinosaurios\u00bb<\/em>, novela que aborda los mecanismos subterr\u00e1neos del poder global y los enfoques de guerra no convencional. Ambos libros bajo el sello de la editorial&nbsp; \u00abEl perro y la rana\u00bb.&nbsp;En 2021, publica&nbsp;<em>\u00abEl libro de las cicatrices\u00bb.&nbsp;<\/em>Utilizando la literatura como mecanismo para la denuncia, se aborda la problem\u00e1tica del aumento de feminicidios en Venezuela<em>.&nbsp;<\/em><\/p>\n\n\n\n<h4 class=\"wp-block-heading\">Novela<\/h4>\n\n\n\n<p><a href=\"https:\/\/eldienteroto.org\/wp49\/el-libro-de-las-cicatrices\/\" target=\"_blank\" rel=\"noreferrer noopener\">El libro de las cicatrices<\/a> (fragmentos)<\/p>\n\n\n\n<h4 class=\"wp-block-heading\">En Biblioteca<\/h4>\n\n\n\n<p><a rel=\"noreferrer noopener\" href=\"https:\/\/eldienteroto.org\/wp49\/el-rey-de-las-cenizas\/\" target=\"_blank\">El rey de las cenizas<\/a><\/p>\n\n\n\n<p><a rel=\"noreferrer noopener\" href=\"https:\/\/eldienteroto.org\/wp49\/el-libro-de-las-cicatrices-2\/\" target=\"_blank\">El libro de las cicatrices<\/a> (libro completo para descarga)<\/p>\n\n\n\n<h6 class=\"wp-block-heading\">*Informaci\u00f3n e imagen tomadas de la p\u00e1gina web del autor: https:\/\/www.josenegronvalera.com<\/h6>\n","protected":false},"excerpt":{"rendered":"<p>(Valera, 1981) Egresado en Antropolog\u00eda (UCV, 2005), con una maestr\u00eda en Filosof\u00eda de la Guerra (Universidad Militar Bolivariana, 2018) y Doctorado en Ciencias Sociales (UCV, 2023). Su tesis de pregrado fue publicada por la Editorial Acad\u00e9mica Espa\u00f1ola, bajo el titulo:&nbsp;Saber y poder, el proceso de la renovaci\u00f3n acad\u00e9mica en la UCV (1967-1970). En 1998, recibi\u00f3 [&hellip;]<\/p>\n","protected":false},"author":6,"featured_media":12398,"comment_status":"open","ping_status":"closed","sticky":false,"template":"","format":"standard","meta":{"_monsterinsights_skip_tracking":false,"_monsterinsights_sitenote_active":false,"_monsterinsights_sitenote_note":"","_monsterinsights_sitenote_category":0,"footnotes":""},"categories":[7],"tags":[],"_links":{"self":[{"href":"https:\/\/eldienteroto.org\/wp49\/wp-json\/wp\/v2\/posts\/12397"}],"collection":[{"href":"https:\/\/eldienteroto.org\/wp49\/wp-json\/wp\/v2\/posts"}],"about":[{"href":"https:\/\/eldienteroto.org\/wp49\/wp-json\/wp\/v2\/types\/post"}],"author":[{"embeddable":true,"href":"https:\/\/eldienteroto.org\/wp49\/wp-json\/wp\/v2\/users\/6"}],"replies":[{"embeddable":true,"href":"https:\/\/eldienteroto.org\/wp49\/wp-json\/wp\/v2\/comments?post=12397"}],"version-history":[{"count":4,"href":"https:\/\/eldienteroto.org\/wp49\/wp-json\/wp\/v2\/posts\/12397\/revisions"}],"predecessor-version":[{"id":15291,"href":"https:\/\/eldienteroto.org\/wp49\/wp-json\/wp\/v2\/posts\/12397\/revisions\/15291"}],"wp:featuredmedia":[{"embeddable":true,"href":"https:\/\/eldienteroto.org\/wp49\/wp-json\/wp\/v2\/media\/12398"}],"wp:attachment":[{"href":"https:\/\/eldienteroto.org\/wp49\/wp-json\/wp\/v2\/media?parent=12397"}],"wp:term":[{"taxonomy":"category","embeddable":true,"href":"https:\/\/eldienteroto.org\/wp49\/wp-json\/wp\/v2\/categories?post=12397"},{"taxonomy":"post_tag","embeddable":true,"href":"https:\/\/eldienteroto.org\/wp49\/wp-json\/wp\/v2\/tags?post=12397"}],"curies":[{"name":"wp","href":"https:\/\/api.w.org\/{rel}","templated":true}]}}