{"id":12020,"date":"2024-06-10T22:06:29","date_gmt":"2024-06-10T22:06:29","guid":{"rendered":"https:\/\/eldienteroto.org\/wp49\/?p=12020"},"modified":"2024-06-10T22:13:38","modified_gmt":"2024-06-10T22:13:38","slug":"valencia-la-de-venezuela","status":"publish","type":"post","link":"https:\/\/eldienteroto.org\/wp49\/valencia-la-de-venezuela\/","title":{"rendered":"Valencia, la de Venezuela"},"content":{"rendered":"\n<p>El presente volumen contiene la totalidad del discurso en verso que Jos\u00e9 Rafael Pocaterra pronunci\u00f3 ante el Concejo Municipal de Valencia en 1955, con motivo del Cuatricentenario de la ciudad. Seg\u00fan Josefina Tejera, \u00absus palabras conmovieron profundamente al auditorio porque Pocaterra representaba el rechazo a las dictaduras y, para entonces, en Venezuela gobernaba por la fuerza el general P\u00e9rez Jim\u00e9nez\u00bb (tomado de https:\/\/www.elnacional.com\/papel-literario).<\/p>\n\n\n\n<p>Haciendo clic en el enlace se puede descargar sin costo una edici\u00f3n facsimilar de <em><a href=\"https:\/\/eldienteroto.org\/wp49\/wp-content\/uploads\/2024\/06\/Valencia-la-de-Venezuela.pdf\">Valencia, la de Venezuela<\/a><\/em> de Jos\u00e9 Rafael Pocaterra (ediciones Separata de la Universidad de Carabobo).<\/p>\n","protected":false},"excerpt":{"rendered":"<p>El presente volumen contiene la totalidad del discurso en verso que Jos\u00e9 Rafael Pocaterra pronunci\u00f3 ante el Concejo Municipal de Valencia en 1955, con motivo del Cuatricentenario de la ciudad. Seg\u00fan Josefina Tejera, \u00absus palabras conmovieron profundamente al auditorio porque Pocaterra representaba el rechazo a las dictaduras y, para entonces, en Venezuela gobernaba por la [&hellip;]<\/p>\n","protected":false},"author":6,"featured_media":12022,"comment_status":"open","ping_status":"closed","sticky":false,"template":"","format":"standard","meta":{"_monsterinsights_skip_tracking":false,"_monsterinsights_sitenote_active":false,"_monsterinsights_sitenote_note":"","_monsterinsights_sitenote_category":0,"footnotes":""},"categories":[11],"tags":[],"_links":{"self":[{"href":"https:\/\/eldienteroto.org\/wp49\/wp-json\/wp\/v2\/posts\/12020"}],"collection":[{"href":"https:\/\/eldienteroto.org\/wp49\/wp-json\/wp\/v2\/posts"}],"about":[{"href":"https:\/\/eldienteroto.org\/wp49\/wp-json\/wp\/v2\/types\/post"}],"author":[{"embeddable":true,"href":"https:\/\/eldienteroto.org\/wp49\/wp-json\/wp\/v2\/users\/6"}],"replies":[{"embeddable":true,"href":"https:\/\/eldienteroto.org\/wp49\/wp-json\/wp\/v2\/comments?post=12020"}],"version-history":[{"count":2,"href":"https:\/\/eldienteroto.org\/wp49\/wp-json\/wp\/v2\/posts\/12020\/revisions"}],"predecessor-version":[{"id":12028,"href":"https:\/\/eldienteroto.org\/wp49\/wp-json\/wp\/v2\/posts\/12020\/revisions\/12028"}],"wp:featuredmedia":[{"embeddable":true,"href":"https:\/\/eldienteroto.org\/wp49\/wp-json\/wp\/v2\/media\/12022"}],"wp:attachment":[{"href":"https:\/\/eldienteroto.org\/wp49\/wp-json\/wp\/v2\/media?parent=12020"}],"wp:term":[{"taxonomy":"category","embeddable":true,"href":"https:\/\/eldienteroto.org\/wp49\/wp-json\/wp\/v2\/categories?post=12020"},{"taxonomy":"post_tag","embeddable":true,"href":"https:\/\/eldienteroto.org\/wp49\/wp-json\/wp\/v2\/tags?post=12020"}],"curies":[{"name":"wp","href":"https:\/\/api.w.org\/{rel}","templated":true}]}}