{"id":11773,"date":"2024-05-03T20:53:49","date_gmt":"2024-05-03T20:53:49","guid":{"rendered":"https:\/\/eldienteroto.org\/wp49\/?p=11773"},"modified":"2024-05-03T20:56:59","modified_gmt":"2024-05-03T20:56:59","slug":"palmenes-yarza","status":"publish","type":"post","link":"https:\/\/eldienteroto.org\/wp49\/palmenes-yarza\/","title":{"rendered":"P\u00e1lmenes Yarza"},"content":{"rendered":"\n<h4 class=\"wp-block-heading\">(Nirgua, 1916-Caracas, 2006)<\/h4>\n\n\n\n<p>Hija de Berta Tortolero Latouche y Manuel Yarza, quien fallece cuando P\u00e1lmenes ten\u00eda 4 a\u00f1os de edad. Vivi\u00f3 la mayor parte de su infancia en Valencia, donde realiza sus primeros estudios en la Escuela Fernando Pe\u00f1alver. \u200bCursa estudios en la Escuela Normal de Caracas, de donde egresa como Maestra Normalista. Comienza a ejercer como docente, en Valencia, La Victoria y Caracas.<\/p>\n\n\n\n<p>Fue Agregada Cultural de Venezuela en Cuba desde 1947 hasta 1950. Luego, incursiona en el periodismo, escribiendo en diferentes diarios y revistas: El Nacional, El Universal, El Heraldo, El Globo, \u00daltimas Noticias y Revista Nacional de Cultura. <\/p>\n\n\n\n<p><strong>Obras:<\/strong> <em>P\u00e1lmenes Yarza<\/em> (1936), <em>Espirales<\/em> (1942), <em>Instancias<\/em> (1947), <em>Ara<\/em> (1950), <em>Eleg\u00edas del Segundo<\/em> (1961), <em>F\u00e1bula de la Condena<\/em> (1972), <em>Contrase\u00f1as del Tiempo,<\/em> obra po\u00e9tica entre 1962\u20131969 (1974), <em>Recuento de un \u00c1rbol y Otros Poemas<\/em> (1975), <em>Poemas. Incorporaciones de la Isla<\/em> (1976), <em>Obra Po\u00e9tica 1936\u20131976<\/em> (1977), <em>Borradores al Viento<\/em> (1988), <em>Memoria Residual<\/em> (1994), <em>Al Paso del Tiempo<\/em> (1995), <em>P\u00e1ginas de Acopio en Mesa Revuelta,<\/em> Antolog\u00eda Po\u00e9tica (1999), <em>Expresiones<\/em> (2002).<\/p>\n\n\n\n<blockquote class=\"wp-block-quote\">\n<p><i>Un acento doloroso, dram\u00e1tico, recorre la poes\u00eda de P\u00e1lmenes Yarza, que no admite el posible consuelo del sol<\/i><\/p>\n<cite>Ida Gramcko<\/cite><\/blockquote>\n\n\n\n<h4 class=\"wp-block-heading\">Poes\u00eda<\/h4>\n\n\n\n<p><a href=\"https:\/\/eldienteroto.org\/wp49\/poemas-de-palmenes-yarza\/\" target=\"_blank\" rel=\"noreferrer noopener\">Poemas selectos<\/a><\/p>\n\n\n\n<h6 class=\"wp-block-heading\">Foto: https:\/\/davidfigs.wordpress.com<\/h6>\n","protected":false},"excerpt":{"rendered":"<p>(Nirgua, 1916-Caracas, 2006) Hija de Berta Tortolero Latouche y Manuel Yarza, quien fallece cuando P\u00e1lmenes ten\u00eda 4 a\u00f1os de edad. Vivi\u00f3 la mayor parte de su infancia en Valencia, donde realiza sus primeros estudios en la Escuela Fernando Pe\u00f1alver. \u200bCursa estudios en la Escuela Normal de Caracas, de donde egresa como Maestra Normalista. Comienza a [&hellip;]<\/p>\n","protected":false},"author":6,"featured_media":11774,"comment_status":"open","ping_status":"closed","sticky":false,"template":"","format":"standard","meta":{"_monsterinsights_skip_tracking":false,"_monsterinsights_sitenote_active":false,"_monsterinsights_sitenote_note":"","_monsterinsights_sitenote_category":0,"footnotes":""},"categories":[7],"tags":[],"_links":{"self":[{"href":"https:\/\/eldienteroto.org\/wp49\/wp-json\/wp\/v2\/posts\/11773"}],"collection":[{"href":"https:\/\/eldienteroto.org\/wp49\/wp-json\/wp\/v2\/posts"}],"about":[{"href":"https:\/\/eldienteroto.org\/wp49\/wp-json\/wp\/v2\/types\/post"}],"author":[{"embeddable":true,"href":"https:\/\/eldienteroto.org\/wp49\/wp-json\/wp\/v2\/users\/6"}],"replies":[{"embeddable":true,"href":"https:\/\/eldienteroto.org\/wp49\/wp-json\/wp\/v2\/comments?post=11773"}],"version-history":[{"count":2,"href":"https:\/\/eldienteroto.org\/wp49\/wp-json\/wp\/v2\/posts\/11773\/revisions"}],"predecessor-version":[{"id":11780,"href":"https:\/\/eldienteroto.org\/wp49\/wp-json\/wp\/v2\/posts\/11773\/revisions\/11780"}],"wp:featuredmedia":[{"embeddable":true,"href":"https:\/\/eldienteroto.org\/wp49\/wp-json\/wp\/v2\/media\/11774"}],"wp:attachment":[{"href":"https:\/\/eldienteroto.org\/wp49\/wp-json\/wp\/v2\/media?parent=11773"}],"wp:term":[{"taxonomy":"category","embeddable":true,"href":"https:\/\/eldienteroto.org\/wp49\/wp-json\/wp\/v2\/categories?post=11773"},{"taxonomy":"post_tag","embeddable":true,"href":"https:\/\/eldienteroto.org\/wp49\/wp-json\/wp\/v2\/tags?post=11773"}],"curies":[{"name":"wp","href":"https:\/\/api.w.org\/{rel}","templated":true}]}}