{"id":11345,"date":"2025-07-11T14:49:40","date_gmt":"2025-07-11T19:19:40","guid":{"rendered":"https:\/\/eldienteroto.org\/wp49\/?p=11345"},"modified":"2025-08-03T16:00:38","modified_gmt":"2025-08-03T20:30:38","slug":"gladys-mendia-furia-poetica-y-editora","status":"publish","type":"post","link":"https:\/\/eldienteroto.org\/wp49\/gladys-mendia-furia-poetica-y-editora\/","title":{"rendered":"Gladys Mend\u00eda: furia po\u00e9tica y editora"},"content":{"rendered":"\n<p>Desde los 18 a\u00f1os, cuando publicaron un texto suyo por primera vez, <strong><a href=\"https:\/\/eldienteroto.org\/wp49\/gladys-mendia\/\" target=\"_blank\" rel=\"noreferrer noopener\">Gladys Mend\u00eda<\/a><\/strong>, poeta, escritora y promotora, so\u00f1\u00f3 con crear una revista literaria. En 2003 emigr\u00f3 a Chile, junto con su familia. Ese mismo a\u00f1o participa en el taller de creaci\u00f3n po\u00e9tica, en la casa museo La Sebastiana de Valpara\u00edso, como becaria de la fundaci\u00f3n Neruda.<\/p>\n\n\n\n<p>Y poco despu\u00e9s comenz\u00f3 a hacer realidad su sue\u00f1o; aunque fue un poco m\u00e1s all\u00e1, porque adem\u00e1s de la revista literaria, tambi\u00e9n cre\u00f3 un sello editorial y una feria, o furia, del libro, convirti\u00e9ndose en una embajadora de nuestras letras en tierras australes y una gran promotora de la literatura contempor\u00e1nea universal.<\/p>\n\n\n\n<p><em>En primer lugar, cu\u00e9ntanos de d\u00f3nde viene el nombre LP5<\/em><\/p>\n\n\n\n<p>Viene de Los Poetas del 5, que nace oficial y p\u00fablicamente el 5 de mayo del 2004, en la casa museo La Sebastiana, de la Fundaci\u00f3n Neruda. Iniciamos con el prop\u00f3sito de difundir a escritores noveles latinoamericanos, a trav\u00e9s de diversos formatos impresos, como publicaciones digitales: LP5.cl, Blog LP5, canal YouTube y editorial. M\u00e1s tarde, se abre a escritores africanos y luego a los dem\u00e1s continentes.<\/p>\n\n\n\n<p>El s\u00edmbolo de LP5 es una ilustraci\u00f3n antigua, llamada la \u201cmano del fil\u00f3sofo\u201d o la \u201cmano de los misterios\u201d y simboliza la transformaci\u00f3n. La mano extendida como met\u00e1fora de los escritores actuales: multiplicidad abierta en la voluntad de crear, de transformar.<\/p>\n\n\n\n<p><em>\u00bfQu\u00e9 quieres lograr?, \u00bfcu\u00e1l es el objetivo que buscas con LP5?<\/em><\/p>\n\n\n\n<p>Podr\u00edamos decir que son varios los objetivos. LP5 tiene por objeto promocionar, impulsar y apoyar iniciativas literarias y art\u00edsticas a trav\u00e9s de actividades de gesti\u00f3n cultural y editorial, generando proyectos h\u00edbridos que buscan evidenciar las relaciones de la creaci\u00f3n art\u00edstica, literaria y cr\u00edtica en la comunidad global.<\/p>\n\n\n\n<p>De este modo, se propicia el intercambio permanente con nuevos escritores y artistas. LP5 se especializa en autores venezolanos, latinoamericanos, de pueblos originarios y africanos actuales, en diversos g\u00e9neros como poes\u00eda, narrativa, ensayo, cr\u00f3nica, entrevista, diario, traducci\u00f3n, cr\u00edtica literaria y artes visuales.<\/p>\n\n\n\n<p><em>\u00bfCu\u00e1ntos t\u00edtulos se han publicado hasta la fecha?<\/em><\/p>\n\n\n\n<p>Son muchas las ediciones hasta ahora. Hace diecis\u00e9is a\u00f1os, por ejemplo, surgi\u00f3 la idea de hacer Brev\u00edsimas Antolog\u00edas Arbitrarias, de las cuales por ahora van 18: &nbsp;<em>Me Urbe, Venezuela-Chile; Me Vibra, Panam\u00e1-Chile; Me Usa, Per\u00fa-Uruguay; Me Arde, Ecuador-Colombia; Me Une, \u00c1frica-Am\u00e9rica Latina<\/em>, entre otras.<\/p>\n\n\n\n<p>Tambi\u00e9n, debido a la necesidad de difusi\u00f3n de la poes\u00eda escrita por mujeres, surgen antolog\u00edas como: <em>Viernes 3am; Fanky; Esos Raros Peinados; Inconsciente colectivo; Alma de diamante; Voces ni\u00f1as<\/em>; en las que est\u00e1n presentes autoras de Venezuela en relaci\u00f3n a poetas de Argentina, Per\u00fa, Brasil, Puerto Rico, Catalunya y Galicia<em> .&nbsp;<\/em><\/p>\n\n\n\n<p>Por otra parte, en abril del 2011 surgi\u00f3 la idea de hacer <em>plaquettes<\/em> de distribuci\u00f3n gratuita. As\u00ed naci\u00f3 la colecci\u00f3n&nbsp;<a href=\"https:\/\/l.facebook.com\/l.php?u=https%3A%2F%2Flp5editora.blogspot.com%2Fsearch%2Flabel%2FChipichipi%2520Bombom%3Ffbclid%3DIwAR3YZCnjJqjMFzr7Pf0IB-lifHIkzf0cvnR8cYMqhVI4YY2eJ4Wz_HchonU&amp;h=AT1q8hV4Rirp2RTTfNAX22vbqi8kTrBSs5RKAB8_KscMsnZzmSE7hum8-A1OijeI93-2vIQ1A65OaNiV-9sUxw-J4CO1tq3bK2zP3UhHjPykd_BrlH_Zk34hH4W5qDOGNw_j7mI6-azexHApaHI4f8wL\" target=\"_blank\" rel=\"noreferrer noopener\">Chipichipi Bombom<\/a>&nbsp;con diez autores latinoamericanos. Luego vinieron otras colecciones como:&nbsp;<a href=\"https:\/\/l.facebook.com\/l.php?u=https%3A%2F%2Flp5editora.blogspot.com%2Fsearch%2Flabel%2FDuc%2520Blanc%3Ffbclid%3DIwAR3xq2_EfAxMPQ0YUoG3VD0iluD-JwfYWIPEiTd6yLgEWLHO5mxfDvsS71g&amp;h=AT1WfgbsiSDJbUqERT5tl4GJAJWENkUhkOLMD7UFXNx6AG6otfCLknMowUf-h53VKlvW8kWujRplcfsBXv3ds993sGl-_8PqEbGw2V8ny9iZiOjp4OeZv2ZwssyddMt51qulMa9qiqvqZjeaU5CmPfsv\" target=\"_blank\" rel=\"noreferrer noopener\">Duc Blanc<\/a>, con tres poetas catalanes; en el a\u00f1o 2012, poes\u00eda catalana traducida al castellano.&nbsp;<a href=\"https:\/\/l.facebook.com\/l.php?u=https%3A%2F%2Flp5editora.blogspot.com%2Fsearch%2Flabel%2FEl%2520rap%2520del%2520exilio%3Ffbclid%3DIwAR29XfZinB6IiETbBvE1IKhdxv-dsF72W0kLd_OrAR_v8XixkuF1SicUujI&amp;h=AT3vW-P1aZ-KBO-g0xGCjzTqZ7mP6xh-qmjf-gakNEdDzlObwW604I5yYnxkjObCaRkdzKRgmandIUSw-5Wf8gskzpGQ3N3j9USeXrggae3L1--jd-725QZRPDUZ9TMOZcoaBBksTwLBZlKVZsFVizlS\" target=\"_blank\" rel=\"noreferrer noopener\">El rap del exilio<\/a>, en el que seis poetas latinoamericanos y uno africano, poetizaron sobre su experiencia migrante.<\/p>\n\n\n\n<p>En el 2013, me apasion\u00e9 por la poes\u00eda venezolana joven y cre\u00e9 tres l\u00edneas de una colecci\u00f3n titulada Poes\u00eda Naciente Venezolana, cada una con cinco poetas. La primera fue Ojos de&nbsp;<a href=\"https:\/\/l.facebook.com\/l.php?u=https%3A%2F%2Flp5editora.blogspot.com%2Fsearch%2Flabel%2FOjos%2520de%2520Videotape%3Ffbclid%3DIwAR34CephWhKOPb83qfeyPU2hZ7FKpuaBqq8zjFLXjsd7g7AFswfzmAz_mt8&amp;h=AT1LxhZHFI1KIg0tpLPTPOY6D3yCzGIs_EQ1cWFt67yQ3ClRCm3VZ314ZQPcAaPXdtbKy1Jrykv7UY2I1t15RPNK_s-2z3Z50ZCGGTKsGrb1YgtqGG8w94FiPWBdwZmDCS2ntjuKx54hrYmr1N5h9v1P\" target=\"_blank\" rel=\"noreferrer noopener\">Videotape<\/a>, luego&nbsp;<a href=\"https:\/\/l.facebook.com\/l.php?u=https%3A%2F%2Flp5editora.blogspot.com%2Fsearch%2Flabel%2FAnhedonia%3Fupdated-max%3D2018-04-11T09%253A32%253A00-07%253A00%26max-results%3D20%26start%3D3%26by-date%3Dfalse%26fbclid%3DIwAR1mWLj4f68Uz3QXB1T2781hrwh7ITzCKspdBmOSJCqh7roYwOD50_cZZY8&amp;h=AT04A5v_OMFWhJsWtHG7uv6yBuMl1hV7FioUnkGhHwa5B2qm9c832kEOGeFk10uAj5OtZ8S-NyiOiG95qw6XOLfI3TFL2G4r7lUNlHVNwGv87HvHKbxD9urfY1zEWymEpWxqjwtvt3--GS4985fMj6rV\" target=\"_blank\" rel=\"noreferrer noopener\">Anhedonia<\/a>&nbsp;y&nbsp;<a href=\"https:\/\/l.facebook.com\/l.php?u=https%3A%2F%2Flp5editora.blogspot.com%2Fsearch%2Flabel%2FAl%2520final%2520de%2520este%2520viaje%3Ffbclid%3DIwAR0roccIxAy-fWIySlxYQUO7FoO9N6vGBfmviWAKzX3LtAkvv33wQxovICA&amp;h=AT1_urJt8j_cbleqkPe3joCpFna5dDo321Ixrwltz-slvgY87axfBjfu97MfF4Yrmmv04amoCJKobgc3Pe-jqCOfUpbs_LWN09UkPb9TibtITrOwtvhcam_kWV4qMEdaE9m256y0I3NXDHPCwXisz7xX\" target=\"_blank\" rel=\"noreferrer noopener\">Al final de este viaje<\/a>. Tambi\u00e9n est\u00e1n las colecciones impresas:&nbsp;<a href=\"https:\/\/l.facebook.com\/l.php?u=https%3A%2F%2Flp5editora.blogspot.com%2Fsearch%2Flabel%2FGente%3Ffbclid%3DIwAR3DLpb2_R_6aOv8Eko0dOef5TZlE_LbrCCqHdDEf3vujP_ahmPxZzXsyoA&amp;h=AT3ANvsXZAMxl8ShNoCRWZIydOQcVbJ7AcR7Sp3ojLYmpd1F2C8Q5BG1l9d-x-0juoblNTn7cChwte0MJek07Q0_9cwQvK5pHlxBLT8uzUNXfLj2UlOYtNLDSiWhseMHX7UrTeuHV-R8dyjuQWg-YFDk\" target=\"_blank\" rel=\"noreferrer noopener\">Gente<\/a>, que est\u00e1 dedicada a la cr\u00f3nica.&nbsp;<a href=\"https:\/\/l.facebook.com\/l.php?u=https%3A%2F%2Flp5editora.blogspot.com%2Fsearch%2Flabel%2FPlateado%2520sobre%2520plateado%3Ffbclid%3DIwAR0o6q829A4rCzSS0bsgsaHNw80d_0rkNcyJeGhbwsP8Qv6dHSbkcPlQxmI&amp;h=AT2QTmYVRZc3J-IrWEQIlAdw3unCsUBmbcvD0Q1C1FMi5IF-QubRhahPbXXK6GtMI2PcSN0bC1xzKWmiJl56Z3Njh8REWMsJjD--oza9NOjT49MPJTxKyQ3OGA-8H6bNzDtb7LrRaMbCuolEJ5HdKQeI\" target=\"_blank\" rel=\"noreferrer noopener\">Plateado sobre plateado<\/a>, dedicada a la poes\u00eda. <a href=\"https:\/\/lp5editora.blogspot.com\/search\/label\/Al%20lado%20del%20camino\">Al lado del camino<\/a>, dedicada a la narrativa y <a href=\"https:\/\/lp5editora.blogspot.com\/search\/label\/Giros\">Giros<\/a> dedicada al ensayo.&nbsp;<\/p>\n\n\n\n<p>Resumiendo, el n\u00famero de t\u00edtulos publicados: 52 de poes\u00eda, 23 de Colecci\u00f3n Lenguas, 13 de narrativa, 3 de ensayo, 2 de cr\u00f3nica, 1 h\u00edbridos. Y en digital: 61 en poes\u00eda para descargar (<a href=\"https:\/\/lp5.cl\/category\/poesia-para-descargar\/\">https:\/\/lp5.cl\/category\/poesia-para-descargar\/<\/a>), 3 de narrativa para descargar\u2026 A esto se suman las publicaciones de las plaquettes y tr\u00edpticos y las colecciones audiovisuales. Y cabe recordar los muchos los autores publicados en estos 20 a\u00f1os de la revista y el blog LP5.<\/p>\n\n\n\n<p><em>Es bastante trabajo\u2026<\/em><\/p>\n\n\n\n<p>Pero no s\u00f3lo hablemos de libros, tambi\u00e9n como mencion\u00e9 se apuesta por otros formatos. Por ejemplo, la m\u00e1s reciente (<em>En la desnudez de la luz: Poetas venezolanas nacidas en la d\u00e9cada del 60) <\/em>es unamuestra, una colecci\u00f3n de videopoemas, que puedes ver en el canal YouTube de la editorial. Las voces son de cada una de las autoras.<\/p>\n\n\n\n<p>Adem\u00e1s, est\u00e1n las colecciones audiovisuales dedicadas a mujeres poetas en su idioma original: <a href=\"https:\/\/lp5editora.blogspot.com\/search\/label\/Ahots%20emeak%3A%20audiovideuales%20de%20poetas%20euskeras\">Poetas euskeras<\/a>, <a href=\"https:\/\/lp5editora.blogspot.com\/search\/label\/Un%20nou%20llenguatge%20diuen%3A%20audiovisuales%20de%20poetas%20catalanas\">Poetas catalanas<\/a>, <a href=\"https:\/\/lp5editora.blogspot.com\/search\/label\/Voces%20mi%C3%B1as%3A%20audiovisuales%20sobre%20poetas%20gallegas\">Poetas gallegas<\/a>. La colecci\u00f3n de audiovisuales dedicada a las po\u00e9ticas del mundo en sus idiomas originales: <a href=\"https:\/\/www.youtube.com\/watch?v=jGa0opLS2wQ&amp;list=PLkKOHDIftQuFhexVMeNR-I4wuYVbbJbr0\">Mangle mundo<\/a>, sin dejar de mencionar la colecci\u00f3n audiovisual dedicada a los escritores venezolanos: <a href=\"https:\/\/lp5editora.blogspot.com\/search\/label\/Clips%20Modernos%3A%20audiovisuales%20de%20la%20poes%C3%ADa%20venezolana\">Clips modernos<\/a>, con 45 autores.<\/p>\n\n\n\n<p><em>\u00bfCu\u00e1les han sido las mayores satisfacciones y las mayores dificultades en este tiempo que llevas con la editorial?<\/em><\/p>\n\n\n\n<p>La mayor satisfacci\u00f3n es ver la felicidad de los autores al sentirse incluidos y difundidos, tomados en cuenta y valorizados; esa es mi mayor satisfacci\u00f3n. Lo dem\u00e1s es secundario, viene por a\u00f1adidura. La difusi\u00f3n cultural la considero fundamental y viene como un resultado de lo primero.<\/p>\n\n\n\n<p>La dificultad, podr\u00eda ser la falta de espacios y recursos; pero, de todas maneras, eso no me ha cerrado el camino, sino que me ha permitido crear los espacios y usar los recursos que tengo a mano.<\/p>\n\n\n\n<p><em>\u00bfQu\u00e9 piensas que te hace falta para avanzar al siguiente nivel?<\/em><\/p>\n\n\n\n<p>La verdad no pienso en niveles\u2026 soy intuitiva en mi camino y mi proceso es org\u00e1nico, no sistem\u00e1tico: hago lo que se me muestra que hace falta.<\/p>\n\n\n\n<p><em>\u00bfC\u00f3mo se concilian las facetas de editora y de poeta?<\/em><\/p>\n\n\n\n<p>Para m\u00ed es muy f\u00e1cil conciliar estas facetas de mi vida: escribo desde los 14 a\u00f1os, es algo natural para m\u00ed como la respiraci\u00f3n; y el trabajo editorial, ya a los 18 sab\u00eda que quer\u00eda hacerlo, quer\u00eda brindar la felicidad que el primer editor que me public\u00f3 me hab\u00eda generado a m\u00ed\u2026 as\u00ed que realmente fluye muy natural y org\u00e1nico.<\/p>\n\n\n\n<p><em>Cu\u00e9ntanos de qu\u00e9 se trata la Furia del libro<\/em><\/p>\n\n\n\n<p>Con respecto a la Furia del Libro, en el a\u00f1o 2009 Galo Ghigliotto y mi persona creamos una feria de editoriales independientes. Esta feria ha continuado hasta nuestros d\u00edas. Yo ya no participo de la organizaci\u00f3n, pero s\u00ed participo con mi editorial.<\/p>\n\n\n\n<p>En la Furia del Libro convergen m\u00e1s de 150 editoriales independientes. A partir del 2023 son dos encuentros al a\u00f1o. All\u00ed podemos mostrar todo lo que hemos trabajado y conversar directamente con el p\u00fablico lector.<\/p>\n\n\n\n<p><em>Para los interesados, \u00bfqu\u00e9 hay que hacer para publicar en LP5?<\/em><\/p>\n\n\n\n<p>Como mi proceso editorial es muy intuitivo y pasional, no recibo manuscritos para publicar libros. Solo recibo colaboraciones para la revista y el blog. Para publicar a alguien, tengo que haber le\u00eddo sus textos, tengo que conocer su obra de tiempo atr\u00e1s y enamorarme de ella; con esa fuerza, con esa energ\u00eda, me dedico completamente.<\/p>\n\n\n\n<p><em>En la antig\u00fcedad, las furias o erinias eran vistas como la personificaci\u00f3n de la venganza o el castigo. Pero tambi\u00e9n se consideraban las guardianas de la justicia. En la actualidad, el concepto de furia conserva algo de esa energ\u00eda, la fuerza, el poder de las Erinias; as\u00ed que no es extra\u00f1o ligar esta la palabra a la poes\u00eda, que tambi\u00e9n es una fuerza transformadora. Y es la fuerza en la que se apoya Gladys Mend\u00eda para continuar con su trabajo como editora, d\u00eda a d\u00eda.<\/em><\/p>\n","protected":false},"excerpt":{"rendered":"<p>Desde los 18 a\u00f1os, cuando publicaron un texto suyo por primera vez, Gladys Mend\u00eda, poeta, escritora y promotora, so\u00f1\u00f3 con crear una revista literaria. En 2003 emigr\u00f3 a Chile, junto con su familia. Ese mismo a\u00f1o participa en el taller de creaci\u00f3n po\u00e9tica, en la casa museo La Sebastiana de Valpara\u00edso, como becaria de la [&hellip;]<\/p>\n","protected":false},"author":6,"featured_media":11346,"comment_status":"open","ping_status":"closed","sticky":false,"template":"","format":"standard","meta":{"_monsterinsights_skip_tracking":false,"_monsterinsights_sitenote_active":false,"_monsterinsights_sitenote_note":"","_monsterinsights_sitenote_category":0,"footnotes":""},"categories":[25],"tags":[],"_links":{"self":[{"href":"https:\/\/eldienteroto.org\/wp49\/wp-json\/wp\/v2\/posts\/11345"}],"collection":[{"href":"https:\/\/eldienteroto.org\/wp49\/wp-json\/wp\/v2\/posts"}],"about":[{"href":"https:\/\/eldienteroto.org\/wp49\/wp-json\/wp\/v2\/types\/post"}],"author":[{"embeddable":true,"href":"https:\/\/eldienteroto.org\/wp49\/wp-json\/wp\/v2\/users\/6"}],"replies":[{"embeddable":true,"href":"https:\/\/eldienteroto.org\/wp49\/wp-json\/wp\/v2\/comments?post=11345"}],"version-history":[{"count":1,"href":"https:\/\/eldienteroto.org\/wp49\/wp-json\/wp\/v2\/posts\/11345\/revisions"}],"predecessor-version":[{"id":11347,"href":"https:\/\/eldienteroto.org\/wp49\/wp-json\/wp\/v2\/posts\/11345\/revisions\/11347"}],"wp:featuredmedia":[{"embeddable":true,"href":"https:\/\/eldienteroto.org\/wp49\/wp-json\/wp\/v2\/media\/11346"}],"wp:attachment":[{"href":"https:\/\/eldienteroto.org\/wp49\/wp-json\/wp\/v2\/media?parent=11345"}],"wp:term":[{"taxonomy":"category","embeddable":true,"href":"https:\/\/eldienteroto.org\/wp49\/wp-json\/wp\/v2\/categories?post=11345"},{"taxonomy":"post_tag","embeddable":true,"href":"https:\/\/eldienteroto.org\/wp49\/wp-json\/wp\/v2\/tags?post=11345"}],"curies":[{"name":"wp","href":"https:\/\/api.w.org\/{rel}","templated":true}]}}