{"id":10869,"date":"2024-01-18T18:50:28","date_gmt":"2024-01-18T18:50:28","guid":{"rendered":"https:\/\/eldienteroto.org\/wp49\/?p=10869"},"modified":"2024-01-18T18:50:28","modified_gmt":"2024-01-18T18:50:28","slug":"sael-ibanez","status":"publish","type":"post","link":"https:\/\/eldienteroto.org\/wp49\/sael-ibanez\/","title":{"rendered":"Sael Ib\u00e1\u00f1ez"},"content":{"rendered":"\n<h4 class=\"wp-block-heading\">(Camagu\u00e1n, 1948 &#8211; Caracas, 2020)<\/h4>\n\n\n\n<p>Realiz\u00f3 estudios religiosos en los seminarios San Jos\u00e9 de Calabozo e Interdiocesano de Caracas. Se grad\u00faa de licenciado en letras en la Escuela de Letras de la Universidad Central de Venezuela (UCV). Cursa estudios de postgrado en la Universidad Aut\u00f3noma de Madrid (Espa\u00f1a) y en la Universidad Sim\u00f3n Bol\u00edvar (USB, Caracas). <\/p>\n\n\n\n<p>Fue director general de la Biblioteca Nacional de Venezuela, presidente de Monte \u00c1vila y director de la <em>Revista Nacional de Cultura<\/em> y de la revista <em>Imagen<\/em>, as\u00ed como miembro fundador de la revista <em>Falso Cuaderno<\/em><em>.<\/em> Premio de la Bienal Literaria de la UCV y Premio Municipal de Literatura. <\/p>\n\n\n\n<p>Libros: <em>Descripci\u00f3n de un lugar<\/em> (1973), <em>A trav\u00e9s de una mirada<\/em> (1978), <em>La noche es una estaci\u00f3n<\/em> (1990), <em>El Club de los Asesinatos Particulares<\/em> (1996), <em>Vivir atemoriza<\/em> (2003), <em>ABC de la intuici\u00f3n<\/em> (2007); coautor de <em>Las esculturas de Caracas<\/em> (1994). Est\u00e1 incluido en las antolog\u00edas <em>Morir en Latinoam\u00e9rica<\/em> y <em>Translation<\/em> (Nueva York, 1994). <\/p>\n\n\n\n<h4 class=\"wp-block-heading\">Poes\u00eda<\/h4>\n\n\n\n<p><a href=\"https:\/\/eldienteroto.org\/wp49\/poemas-de-sael-ibanez\/\" target=\"_blank\" rel=\"noreferrer noopener\">Poemas selectos<\/a><\/p>\n\n\n\n<h4 class=\"wp-block-heading\">Cuentos<\/h4>\n\n\n\n<p><a href=\"https:\/\/eldienteroto.org\/wp49\/dos-cuentos-de-sael-ibanez\/\" target=\"_blank\" rel=\"noreferrer noopener\">Mala jugada\/La m\u00e1scara de mi vida<\/a><\/p>\n\n\n\n<h6 class=\"wp-block-heading\">*Foto: cuenta de Twitter de: Samantha S\u00e1nchez (@SanchezMiralles)<\/h6>\n","protected":false},"excerpt":{"rendered":"<p>(Camagu\u00e1n, 1948 &#8211; Caracas, 2020) Realiz\u00f3 estudios religiosos en los seminarios San Jos\u00e9 de Calabozo e Interdiocesano de Caracas. Se grad\u00faa de licenciado en letras en la Escuela de Letras de la Universidad Central de Venezuela (UCV). Cursa estudios de postgrado en la Universidad Aut\u00f3noma de Madrid (Espa\u00f1a) y en la Universidad Sim\u00f3n Bol\u00edvar (USB, [&hellip;]<\/p>\n","protected":false},"author":6,"featured_media":10870,"comment_status":"open","ping_status":"closed","sticky":false,"template":"","format":"standard","meta":{"_monsterinsights_skip_tracking":false,"_monsterinsights_sitenote_active":false,"_monsterinsights_sitenote_note":"","_monsterinsights_sitenote_category":0,"footnotes":""},"categories":[7],"tags":[],"_links":{"self":[{"href":"https:\/\/eldienteroto.org\/wp49\/wp-json\/wp\/v2\/posts\/10869"}],"collection":[{"href":"https:\/\/eldienteroto.org\/wp49\/wp-json\/wp\/v2\/posts"}],"about":[{"href":"https:\/\/eldienteroto.org\/wp49\/wp-json\/wp\/v2\/types\/post"}],"author":[{"embeddable":true,"href":"https:\/\/eldienteroto.org\/wp49\/wp-json\/wp\/v2\/users\/6"}],"replies":[{"embeddable":true,"href":"https:\/\/eldienteroto.org\/wp49\/wp-json\/wp\/v2\/comments?post=10869"}],"version-history":[{"count":1,"href":"https:\/\/eldienteroto.org\/wp49\/wp-json\/wp\/v2\/posts\/10869\/revisions"}],"predecessor-version":[{"id":10871,"href":"https:\/\/eldienteroto.org\/wp49\/wp-json\/wp\/v2\/posts\/10869\/revisions\/10871"}],"wp:featuredmedia":[{"embeddable":true,"href":"https:\/\/eldienteroto.org\/wp49\/wp-json\/wp\/v2\/media\/10870"}],"wp:attachment":[{"href":"https:\/\/eldienteroto.org\/wp49\/wp-json\/wp\/v2\/media?parent=10869"}],"wp:term":[{"taxonomy":"category","embeddable":true,"href":"https:\/\/eldienteroto.org\/wp49\/wp-json\/wp\/v2\/categories?post=10869"},{"taxonomy":"post_tag","embeddable":true,"href":"https:\/\/eldienteroto.org\/wp49\/wp-json\/wp\/v2\/tags?post=10869"}],"curies":[{"name":"wp","href":"https:\/\/api.w.org\/{rel}","templated":true}]}}