{"id":10444,"date":"2023-12-29T16:20:44","date_gmt":"2023-12-29T16:20:44","guid":{"rendered":"https:\/\/eldienteroto.org\/wp49\/?p=10444"},"modified":"2024-02-01T18:54:14","modified_gmt":"2024-02-01T18:54:14","slug":"hernan-zamora","status":"publish","type":"post","link":"https:\/\/eldienteroto.org\/wp49\/hernan-zamora\/","title":{"rendered":"Hern\u00e1n Zamora"},"content":{"rendered":"\n<p>(Caracas, 1964)<\/p>\n\n\n\n<p>Doctor en Arquitectura (UCV, 2013), Magister en Dise\u00f1o Arquitect\u00f3nico (UCV, 2011). Desde 1998, es profesor en Dise\u00f1o arquitect\u00f3nico en la Escuela de Arquitectura Carlos Ra\u00fal Villanueva, de la Facultad de Arquitectura y Urbanismo en la Universidad Central de Venezuela.<\/p>\n\n\n\n<p>Ganador del XIII premio de poes\u00eda Fernando Paz Castillo, promovido por el Centro de Estudios Latinoamericanos R\u00f3mulo Gallegos (CELARG, 2000). Ha publicado distintos art\u00edculos en revistas acad\u00e9micas: Argos (USB), Portafolio (LUZ), Tecnolog\u00eda y construcci\u00f3n (UCV-LUZ), A parte rei (revista digital de filosof\u00eda).<\/p>\n\n\n\n<p>Libros: Fuego in\u00fatil (poes\u00eda reunida, 2002-2007; 2014), Respira, qui\u00e9n en el umbral? (2017), 39 grados de cielo en la tierra (Oscar Todtmann Editores\/Amazon, 2015) y Ofelia en la retina (Inspirulina &amp; Stand Up Poetry\/Isuu, 2015). Ha colaborado con distintas revistas literarias y diarios.<\/p>\n\n\n\n<p>Blog personal: http:\/\/zamorahernan.blogspot.com<\/p>\n\n\n\n<h4 class=\"wp-block-heading\">En Biblioteca<\/h4>\n\n\n\n<p><a href=\"https:\/\/eldienteroto.org\/wp49\/tierra-de-gracia\/\">Tierra de gracia reloaded<\/a><\/p>\n\n\n\n<p><a rel=\"noreferrer noopener\" href=\"https:\/\/eldienteroto.org\/wp49\/contrasombra\/\" target=\"_blank\">A contrasombra, padre<\/a><\/p>\n\n\n\n<p><a rel=\"noreferrer noopener\" href=\"https:\/\/eldienteroto.org\/wp49\/respira-quien-en-el-umbral\/\" target=\"_blank\">\u00bfRespira, qui\u00e9n en el umbral?<\/a><\/p>\n\n\n\n<p><a href=\"https:\/\/eldienteroto.org\/wp49\/fuego-inutil\/\" target=\"_blank\" rel=\"noreferrer noopener\">Fuego in\u00fatil<\/a><\/p>\n\n\n\n<h6 class=\"wp-block-heading\">*Foto: https:\/\/eldiario.com<\/h6>\n","protected":false},"excerpt":{"rendered":"<p>(Caracas, 1964) Doctor en Arquitectura (UCV, 2013), Magister en Dise\u00f1o Arquitect\u00f3nico (UCV, 2011). Desde 1998, es profesor en Dise\u00f1o arquitect\u00f3nico en la Escuela de Arquitectura Carlos Ra\u00fal Villanueva, de la Facultad de Arquitectura y Urbanismo en la Universidad Central de Venezuela. Ganador del XIII premio de poes\u00eda Fernando Paz Castillo, promovido por el Centro de [&hellip;]<\/p>\n","protected":false},"author":6,"featured_media":10445,"comment_status":"open","ping_status":"closed","sticky":false,"template":"","format":"standard","meta":{"_monsterinsights_skip_tracking":false,"_monsterinsights_sitenote_active":false,"_monsterinsights_sitenote_note":"","_monsterinsights_sitenote_category":0,"footnotes":""},"categories":[7],"tags":[],"_links":{"self":[{"href":"https:\/\/eldienteroto.org\/wp49\/wp-json\/wp\/v2\/posts\/10444"}],"collection":[{"href":"https:\/\/eldienteroto.org\/wp49\/wp-json\/wp\/v2\/posts"}],"about":[{"href":"https:\/\/eldienteroto.org\/wp49\/wp-json\/wp\/v2\/types\/post"}],"author":[{"embeddable":true,"href":"https:\/\/eldienteroto.org\/wp49\/wp-json\/wp\/v2\/users\/6"}],"replies":[{"embeddable":true,"href":"https:\/\/eldienteroto.org\/wp49\/wp-json\/wp\/v2\/comments?post=10444"}],"version-history":[{"count":4,"href":"https:\/\/eldienteroto.org\/wp49\/wp-json\/wp\/v2\/posts\/10444\/revisions"}],"predecessor-version":[{"id":11055,"href":"https:\/\/eldienteroto.org\/wp49\/wp-json\/wp\/v2\/posts\/10444\/revisions\/11055"}],"wp:featuredmedia":[{"embeddable":true,"href":"https:\/\/eldienteroto.org\/wp49\/wp-json\/wp\/v2\/media\/10445"}],"wp:attachment":[{"href":"https:\/\/eldienteroto.org\/wp49\/wp-json\/wp\/v2\/media?parent=10444"}],"wp:term":[{"taxonomy":"category","embeddable":true,"href":"https:\/\/eldienteroto.org\/wp49\/wp-json\/wp\/v2\/categories?post=10444"},{"taxonomy":"post_tag","embeddable":true,"href":"https:\/\/eldienteroto.org\/wp49\/wp-json\/wp\/v2\/tags?post=10444"}],"curies":[{"name":"wp","href":"https:\/\/api.w.org\/{rel}","templated":true}]}}